{"id":48,"date":"2025-10-01T14:58:46","date_gmt":"2025-10-01T14:58:46","guid":{"rendered":"https:\/\/blog.carrelage-et-salle-de-bains.com\/?p=48"},"modified":"2025-10-15T14:23:35","modified_gmt":"2025-10-15T14:23:35","slug":"comment-mesurer-correctement-votre-receveur-de-douche","status":"publish","type":"post","link":"https:\/\/blog.carrelage-et-salle-de-bains.com\/index.php\/2025\/10\/01\/comment-mesurer-correctement-votre-receveur-de-douche\/","title":{"rendered":"Comment mesurer correctement votre receveur de douche"},"content":{"rendered":"\n[et_pb_section fb_built=\u00a0\u00bb1&Prime; admin_label=\u00a0\u00bbHeader Section\u00a0\u00bb _builder_version=\u00a0\u00bb4.27.4&Prime; background_image=\u00a0\u00bbhttps:\/\/blog.carrelage-et-salle-de-bains.com\/wp-content\/uploads\/2025\/10\/Capture-decran-2025-10-01-a-16.11.29.png\u00a0\u00bb custom_padding=\u00a0\u00bb10%||0px|\u00a0\u00bb global_colors_info=\u00a0\u00bb{}\u00a0\u00bb][et_pb_row custom_padding_last_edited=\u00a0\u00bboff|desktop\u00a0\u00bb admin_label=\u00a0\u00bbHeader Row\u00a0\u00bb _builder_version=\u00a0\u00bb4.27.4&Prime; custom_margin=\u00a0\u00bb||20%|\u00a0\u00bb custom_padding=\u00a0\u00bb|||\u00a0\u00bb custom_padding_phone=\u00a0\u00bb3vw|||\u00a0\u00bb global_colors_info=\u00a0\u00bb{}\u00a0\u00bb][et_pb_column type=\u00a0\u00bb4_4&Prime; _builder_version=\u00a0\u00bb4.27.4&Prime; custom_padding=\u00a0\u00bb|||\u00a0\u00bb global_colors_info=\u00a0\u00bb{}\u00a0\u00bb custom_padding__hover=\u00a0\u00bb|||\u00a0\u00bb][et_pb_cta title=\u00a0\u00bbGuide pratique : comment mesurer correctement votre receveur de douche\u00a0\u00bb button_url=\u00a0\u00bb#\u00a0\u00bb admin_label=\u00a0\u00bbHeading, Subheading &#038; Button\u00a0\u00bb _builder_version=\u00a0\u00bb4.27.4&Prime; header_level=\u00a0\u00bbh1&Prime; header_font=\u00a0\u00bb|700|||||||\u00a0\u00bb header_text_align=\u00a0\u00bbcenter\u00a0\u00bb header_text_color=\u00a0\u00bb#FFFFFF\u00a0\u00bb header_font_size=\u00a0\u00bb60px\u00a0\u00bb header_line_height=\u00a0\u00bb1.4em\u00a0\u00bb body_font=\u00a0\u00bbMuli|600|||||||\u00a0\u00bb body_font_size=\u00a0\u00bb18px\u00a0\u00bb body_line_height=\u00a0\u00bb1.8em\u00a0\u00bb use_background_color=\u00a0\u00bboff\u00a0\u00bb background_layout=\u00a0\u00bblight\u00a0\u00bb max_width=\u00a0\u00bb800px\u00a0\u00bb module_alignment=\u00a0\u00bbcenter\u00a0\u00bb custom_margin=\u00a0\u00bb|||\u00a0\u00bb custom_margin_tablet=\u00a0\u00bb3vw||3vw|\u00a0\u00bb custom_margin_phone=\u00a0\u00bb|||\u00a0\u00bb custom_margin_last_edited=\u00a0\u00bboff|desktop\u00a0\u00bb animation_style=\u00a0\u00bbfade\u00a0\u00bb header_font_size_tablet=\u00a0\u00bb\u00a0\u00bb header_font_size_phone=\u00a0\u00bb50px\u00a0\u00bb header_font_size_last_edited=\u00a0\u00bbon|phone\u00a0\u00bb header_text_shadow_style=\u00a0\u00bbpreset4&Prime; button_text_color_hover=\u00a0\u00bb#ffffff\u00a0\u00bb button_border_color_hover=\u00a0\u00bbrgba(244,88,63,0)\u00a0\u00bb button_border_radius_hover=\u00a0\u00bb0px\u00a0\u00bb button_bg_color_hover=\u00a0\u00bb#f4583f\u00a0\u00bb global_colors_info=\u00a0\u00bb{}\u00a0\u00bb button_text_size__hover_enabled=\u00a0\u00bboff\u00a0\u00bb button_one_text_size__hover_enabled=\u00a0\u00bboff\u00a0\u00bb button_two_text_size__hover_enabled=\u00a0\u00bboff\u00a0\u00bb button_text_color__hover_enabled=\u00a0\u00bbon\u00a0\u00bb button_text_color__hover=\u00a0\u00bb#ffffff\u00a0\u00bb button_one_text_color__hover_enabled=\u00a0\u00bboff\u00a0\u00bb button_two_text_color__hover_enabled=\u00a0\u00bboff\u00a0\u00bb button_border_width__hover_enabled=\u00a0\u00bboff\u00a0\u00bb button_one_border_width__hover_enabled=\u00a0\u00bboff\u00a0\u00bb button_two_border_width__hover_enabled=\u00a0\u00bboff\u00a0\u00bb button_border_color__hover_enabled=\u00a0\u00bbon\u00a0\u00bb button_border_color__hover=\u00a0\u00bbrgba(244,88,63,0)\u00a0\u00bb button_one_border_color__hover_enabled=\u00a0\u00bboff\u00a0\u00bb button_two_border_color__hover_enabled=\u00a0\u00bboff\u00a0\u00bb button_border_radius__hover_enabled=\u00a0\u00bbon\u00a0\u00bb button_border_radius__hover=\u00a0\u00bb0px\u00a0\u00bb button_one_border_radius__hover_enabled=\u00a0\u00bboff\u00a0\u00bb button_two_border_radius__hover_enabled=\u00a0\u00bboff\u00a0\u00bb button_letter_spacing__hover_enabled=\u00a0\u00bboff\u00a0\u00bb button_one_letter_spacing__hover_enabled=\u00a0\u00bboff\u00a0\u00bb button_two_letter_spacing__hover_enabled=\u00a0\u00bboff\u00a0\u00bb button_bg_color__hover_enabled=\u00a0\u00bbon\u00a0\u00bb button_bg_color__hover=\u00a0\u00bb#f4583f\u00a0\u00bb button_one_bg_color__hover_enabled=\u00a0\u00bboff\u00a0\u00bb button_two_bg_color__hover_enabled=\u00a0\u00bboff\u00a0\u00bb][\/et_pb_cta][\/et_pb_column][\/et_pb_row][et_pb_row column_structure=\u00a0\u00bb1_2,1_2&Prime; use_custom_gutter=\u00a0\u00bbon\u00a0\u00bb gutter_width=\u00a0\u00bb1&Prime; admin_label=\u00a0\u00bbService Row\u00a0\u00bb module_class=\u00a0\u00bb et_pb_row_fullwidth\u00a0\u00bb _builder_version=\u00a0\u00bb4.27.4&Prime; background_enable_color=\u00a0\u00bboff\u00a0\u00bb width=\u00a0\u00bb100%\u00a0\u00bb width_tablet=\u00a0\u00bb100%\u00a0\u00bb width_phone=\u00a0\u00bb100%\u00a0\u00bb width_last_edited=\u00a0\u00bbon|desktop\u00a0\u00bb max_width=\u00a0\u00bb100%\u00a0\u00bb max_width_tablet=\u00a0\u00bb100%\u00a0\u00bb max_width_phone=\u00a0\u00bb100%\u00a0\u00bb max_width_last_edited=\u00a0\u00bbon|desktop\u00a0\u00bb custom_margin=\u00a0\u00bb|||\u00a0\u00bb custom_padding=\u00a0\u00bb0px||0px|\u00a0\u00bb make_fullwidth=\u00a0\u00bbon\u00a0\u00bb global_colors_info=\u00a0\u00bb{}\u00a0\u00bb][et_pb_column type=\u00a0\u00bb1_2&Prime; _builder_version=\u00a0\u00bb4.27.4&Prime; background_color=\u00a0\u00bb#ffffff\u00a0\u00bb custom_padding=\u00a0\u00bb100px|60px|100px|60px\u00a0\u00bb global_colors_info=\u00a0\u00bb{}\u00a0\u00bb custom_padding__hover=\u00a0\u00bb|||\u00a0\u00bb][et_pb_text admin_label=\u00a0\u00bbTitle &#038; Paragraph\u00a0\u00bb _builder_version=\u00a0\u00bb4.27.4&Prime; text_font=\u00a0\u00bb|600|||||||\u00a0\u00bb text_font_size=\u00a0\u00bb22px\u00a0\u00bb text_line_height=\u00a0\u00bb1.6em\u00a0\u00bb header_font=\u00a0\u00bb||||||||\u00a0\u00bb header_2_font=\u00a0\u00bbMuli|700|||||||\u00a0\u00bb header_2_font_size=\u00a0\u00bb50px\u00a0\u00bb header_2_line_height=\u00a0\u00bb1.4em\u00a0\u00bb width=\u00a0\u00bb100%\u00a0\u00bb max_width=\u00a0\u00bb600px\u00a0\u00bb max_width_tablet=\u00a0\u00bb\u00a0\u00bb max_width_phone=\u00a0\u00bb\u00a0\u00bb max_width_last_edited=\u00a0\u00bbon|phone\u00a0\u00bb module_alignment=\u00a0\u00bbcenter\u00a0\u00bb custom_margin=\u00a0\u00bb|||\u00a0\u00bb custom_padding=\u00a0\u00bb|||\u00a0\u00bb custom_padding_last_edited=\u00a0\u00bboff|desktop\u00a0\u00bb header_2_font_size_tablet=\u00a0\u00bb\u00a0\u00bb header_2_font_size_phone=\u00a0\u00bb40px\u00a0\u00bb header_2_font_size_last_edited=\u00a0\u00bbon|desktop\u00a0\u00bb global_colors_info=\u00a0\u00bb{}\u00a0\u00bb]<p data-start=\"159\" data-end=\"410\" style=\"text-align: center;\">Le choix et la commande d\u2019un <a href=\"https:\/\/www.carrelage-et-salle-de-bains.com\/carrelage-et-salle-de-bains\/famille\/26\/receveur-de-douche\">receveur de douche<\/a> ne se r\u00e9sument pas seulement \u00e0 la dimension indiqu\u00e9e sur votre plan. Il est essentiel d\u2019anticiper la pose et de comprendre pourquoi les mesures doivent \u00eatre adapt\u00e9es en fonction de l\u2019espace disponible.<\/p>\n<h4 data-start=\"412\" data-end=\"451\"><\/h4>[\/et_pb_text][\/et_pb_column][et_pb_column type=\u00a0\u00bb1_2&Prime; _builder_version=\u00a0\u00bb4.27.4&Prime; background_enable_color=\u00a0\u00bboff\u00a0\u00bb custom_padding=\u00a0\u00bb100px|60px|100px|60px\u00a0\u00bb global_colors_info=\u00a0\u00bb{}\u00a0\u00bb custom_padding__hover=\u00a0\u00bb|||\u00a0\u00bb][et_pb_text admin_label=\u00a0\u00bbTitle &#038; Paragraph\u00a0\u00bb _builder_version=\u00a0\u00bb4.27.4&Prime; text_font=\u00a0\u00bb|600|||||||\u00a0\u00bb text_font_size=\u00a0\u00bb22px\u00a0\u00bb text_line_height=\u00a0\u00bb1.8em\u00a0\u00bb header_font=\u00a0\u00bb||||||||\u00a0\u00bb header_2_font=\u00a0\u00bbMuli|700|||||||\u00a0\u00bb header_2_font_size=\u00a0\u00bb50px\u00a0\u00bb header_2_line_height=\u00a0\u00bb1.4em\u00a0\u00bb max_width=\u00a0\u00bb600px\u00a0\u00bb max_width_tablet=\u00a0\u00bb\u00a0\u00bb max_width_phone=\u00a0\u00bb\u00a0\u00bb max_width_last_edited=\u00a0\u00bbon|phone\u00a0\u00bb module_alignment=\u00a0\u00bbright\u00a0\u00bb custom_margin=\u00a0\u00bb|||\u00a0\u00bb custom_padding=\u00a0\u00bb|||\u00a0\u00bb custom_padding_last_edited=\u00a0\u00bboff|desktop\u00a0\u00bb header_2_font_size_tablet=\u00a0\u00bb\u00a0\u00bb header_2_font_size_phone=\u00a0\u00bb40px\u00a0\u00bb header_2_font_size_last_edited=\u00a0\u00bbon|desktop\u00a0\u00bb global_colors_info=\u00a0\u00bb{}\u00a0\u00bb]<p data-start=\"159\" data-end=\"410\"><\/p>\n<h4 data-start=\"412\" data-end=\"451\"><\/h4>[\/et_pb_text][\/et_pb_column][\/et_pb_row][\/et_pb_section][et_pb_section fb_built=\u00a0\u00bb1&Prime; _builder_version=\u00a0\u00bb4.27.4&Prime; _module_preset=\u00a0\u00bbdefault\u00a0\u00bb global_colors_info=\u00a0\u00bb{}\u00a0\u00bb][et_pb_row column_structure=\u00a0\u00bb1_2,1_2&Prime; _builder_version=\u00a0\u00bb4.27.4&Prime; _module_preset=\u00a0\u00bbdefault\u00a0\u00bb global_colors_info=\u00a0\u00bb{}\u00a0\u00bb][et_pb_column type=\u00a0\u00bb1_2&Prime; _builder_version=\u00a0\u00bb4.27.4&Prime; _module_preset=\u00a0\u00bbdefault\u00a0\u00bb global_colors_info=\u00a0\u00bb{}\u00a0\u00bb][et_pb_text _builder_version=\u00a0\u00bb4.27.4&Prime; _module_preset=\u00a0\u00bbdefault\u00a0\u00bb text_font_size=\u00a0\u00bb16px\u00a0\u00bb global_colors_info=\u00a0\u00bb{}\u00a0\u00bb]<h2 class=\"p1\"><b>1. Mesurer correctement l\u2019espace<\/b><\/h2>\n<p>&nbsp;<\/p>\n<p>Avant toute commande, mesurez pr\u00e9cis\u00e9ment la distance entre vos deux murs nus, c\u2019est-\u00e0-dire avant la pose du carrelage mural ou du <a href=\"https:\/\/www.carrelage-et-salle-de-bains.com\/carrelage-et-salle-de-bains\/sous_famille\/24\/524\/-Panneau-Mural\">rev\u00eatement<\/a>.<\/p>\n<p class=\"p1\">Exemple : si l\u2019espace entre vos murs est de <b>120 cm<\/b>, notez bien cette mesure comme r\u00e9f\u00e9rence.<\/p>[\/et_pb_text][\/et_pb_column][et_pb_column type=\u00a0\u00bb1_2&Prime; _builder_version=\u00a0\u00bb4.27.4&Prime; _module_preset=\u00a0\u00bbdefault\u00a0\u00bb global_colors_info=\u00a0\u00bb{}\u00a0\u00bb][et_pb_text _builder_version=\u00a0\u00bb4.27.4&Prime; _module_preset=\u00a0\u00bbdefault\u00a0\u00bb text_font_size=\u00a0\u00bb16px\u00a0\u00bb global_colors_info=\u00a0\u00bb{}\u00a0\u00bb]<h2 class=\"p1\"><b>2. Pr\u00e9voir un espace de dilatation<\/b><\/h2>\n<p><b><\/b><\/p>\n<p class=\"p1\">Le bac de douche ne doit jamais occuper exactement la largeur disponible. Il est recommand\u00e9 de choisir un mod\u00e8le <b>1 cm plus petit<\/b> que la longueur mesur\u00e9e.<br \/>Ainsi, pour un espace de 120 cm, le receveur devra mesurer <b>119 cm<\/b>.<\/p>\n<p class=\"p1\"><span style=\"text-decoration: underline;\">Pourquoi ?<\/span><\/p>\n<p class=\"p1\">Parce que les receveurs de douche, g\u00e9n\u00e9ralement fabriqu\u00e9s en r\u00e9sine, sont sensibles aux variations de temp\u00e9rature. Comme le bois ou le parquet, ils se dilatent l\u00e9g\u00e8rement. Sans cet espace, le receveur de douche pourrait subir des tensions, se fissurer ou compromettre l\u2019\u00e9tanch\u00e9it\u00e9.<\/p>[\/et_pb_text][\/et_pb_column][\/et_pb_row][et_pb_row column_structure=\u00a0\u00bb1_2,1_2&Prime; _builder_version=\u00a0\u00bb4.27.4&Prime; _module_preset=\u00a0\u00bbdefault\u00a0\u00bb global_colors_info=\u00a0\u00bb{}\u00a0\u00bb][et_pb_column type=\u00a0\u00bb1_2&Prime; _builder_version=\u00a0\u00bb4.27.4&Prime; _module_preset=\u00a0\u00bbdefault\u00a0\u00bb global_colors_info=\u00a0\u00bb{}\u00a0\u00bb][et_pb_text _builder_version=\u00a0\u00bb4.27.4&Prime; _module_preset=\u00a0\u00bbdefault\u00a0\u00bb text_font_size=\u00a0\u00bb16px\u00a0\u00bb global_colors_info=\u00a0\u00bb{}\u00a0\u00bb]<h2 class=\"p1\"><b>3. Assurer une parfaite \u00e9tanch\u00e9it\u00e9<\/b><\/h2>\n<p><b><\/b><\/p>\n<p class=\"p1\">Une fois le bac de douche pos\u00e9, l\u2019espace laiss\u00e9 volontairement sera combl\u00e9 avec un produit d\u2019\u00e9tanch\u00e9it\u00e9 adapt\u00e9 :<\/p>\n<ul class=\"ul1\">\n<li class=\"li1\"><b><span class=\"s1\"><\/span>un mastic<\/b><\/li>\n<li class=\"li1\"><b>joint\u00a0<\/b><\/li>\n<li class=\"li1\"><b>collage\u00a0<\/b><\/li>\n<\/ul>\n<p><b>\u00e0 base de Polyur\u00e9thanne<\/b><\/p>\n<p class=\"p1\">Ce traitement permet d\u2019\u00e9viter les infiltrations d\u2019eau et garantit la durabilit\u00e9 de votre installation.<\/p>[\/et_pb_text][\/et_pb_column][et_pb_column type=\u00a0\u00bb1_2&Prime; _builder_version=\u00a0\u00bb4.27.4&Prime; _module_preset=\u00a0\u00bbdefault\u00a0\u00bb global_colors_info=\u00a0\u00bb{}\u00a0\u00bb][et_pb_text _builder_version=\u00a0\u00bb4.27.4&Prime; _module_preset=\u00a0\u00bbdefault\u00a0\u00bb text_font_size=\u00a0\u00bb16px\u00a0\u00bb global_colors_info=\u00a0\u00bb{}\u00a0\u00bb]<h2 class=\"p1\"><b>4. En r\u00e9sum\u00e9<\/b><\/h2>\n<p><b><\/b><\/p>\n<p><b><\/b><\/p>\n<p>&nbsp;<\/p>\n<ul class=\"ul1\">\n<li class=\"li1\"><span class=\"s1\"><\/span>Mesurez <b>entre les murs nus<\/b>.<\/li>\n<li class=\"li1\"><span class=\"s1\"><\/span>Retirez <b>1 cm<\/b> pour la taille r\u00e9elle du receveur.<\/li>\n<li class=\"li1\"><span class=\"s1\"><\/span>Compl\u00e9tez avec un <b>mastic d\u2019\u00e9tanch\u00e9it\u00e9<\/b>.<\/li>\n<li class=\"li1\"><span class=\"s1\"><\/span>R\u00e9sultat : un receveur bien adapt\u00e9, durable et parfaitement \u00e9tanche.<\/li>\n<\/ul>[\/et_pb_text][\/et_pb_column][\/et_pb_row][et_pb_row _builder_version=\u00a0\u00bb4.27.4&Prime; _module_preset=\u00a0\u00bbdefault\u00a0\u00bb global_colors_info=\u00a0\u00bb{}\u00a0\u00bb][et_pb_column type=\u00a0\u00bb4_4&Prime; _builder_version=\u00a0\u00bb4.27.4&Prime; _module_preset=\u00a0\u00bbdefault\u00a0\u00bb global_colors_info=\u00a0\u00bb{}\u00a0\u00bb][et_pb_text _builder_version=\u00a0\u00bb4.27.4&Prime; _module_preset=\u00a0\u00bbdefault\u00a0\u00bb text_font_size=\u00a0\u00bb16px\u00a0\u00bb global_colors_info=\u00a0\u00bb{}\u00a0\u00bb]<p class=\"p1\" style=\"text-align: center;\">Avec ces pr\u00e9cautions simples, vous \u00e9vitez des erreurs fr\u00e9quentes de dimensionnement et vous assurez la long\u00e9vit\u00e9 de votre douche.<\/p>[\/et_pb_text][et_pb_divider color=\u00a0\u00bb#000000&Prime; _builder_version=\u00a0\u00bb4.27.4&Prime; _module_preset=\u00a0\u00bbdefault\u00a0\u00bb border_color_all=\u00a0\u00bb#000000&Prime; global_colors_info=\u00a0\u00bb{}\u00a0\u00bb][\/et_pb_divider][et_pb_text _builder_version=\u00a0\u00bb4.27.4&Prime; _module_preset=\u00a0\u00bbdefault\u00a0\u00bb global_colors_info=\u00a0\u00bb{}\u00a0\u00bb]<h3 style=\"text-align: center;\"><strong>Le pense-b\u00eate id\u00e9al pour simplifier vos mesures et gagner du temps<\/strong><\/h3>[\/et_pb_text][et_pb_image src=\u00a0\u00bbhttps:\/\/blog.carrelage-et-salle-de-bains.com\/wp-content\/uploads\/2025\/10\/bd09b1b274f29dde21aa77c16a2c.webp\u00a0\u00bb title_text=\u00a0\u00bbbd09b1b274f29dde21aa77c16a2c\u00a0\u00bb align=\u00a0\u00bbcenter\u00a0\u00bb _builder_version=\u00a0\u00bb4.27.4&Prime; _module_preset=\u00a0\u00bbdefault\u00a0\u00bb border_width_all=\u00a0\u00bb3px\u00a0\u00bb global_colors_info=\u00a0\u00bb{}\u00a0\u00bb][\/et_pb_image][\/et_pb_column][\/et_pb_row][\/et_pb_section][et_pb_section fb_built=\u00a0\u00bb1&Prime; theme_builder_area=\u00a0\u00bbpost_content\u00a0\u00bb _builder_version=\u00a0\u00bb4.27.4&Prime; _module_preset=\u00a0\u00bbdefault\u00a0\u00bb][et_pb_row _builder_version=\u00a0\u00bb4.27.4&Prime; _module_preset=\u00a0\u00bbdefault\u00a0\u00bb theme_builder_area=\u00a0\u00bbpost_content\u00a0\u00bb][et_pb_column _builder_version=\u00a0\u00bb4.27.4&Prime; _module_preset=\u00a0\u00bbdefault\u00a0\u00bb type=\u00a0\u00bb4_4&Prime; theme_builder_area=\u00a0\u00bbpost_content\u00a0\u00bb][et_pb_video src=\u00a0\u00bbhttps:\/\/youtu.be\/fLnnoOEyfRo?si=tO4wow2WuTMPl-su\u00a0\u00bb _builder_version=\u00a0\u00bb4.27.4&Prime; _module_preset=\u00a0\u00bbdefault\u00a0\u00bb theme_builder_area=\u00a0\u00bbpost_content\u00a0\u00bb hover_enabled=\u00a0\u00bb0&Prime; sticky_enabled=\u00a0\u00bb0&Prime;][\/et_pb_video][\/et_pb_column][\/et_pb_row][\/et_pb_section]\n","protected":false},"excerpt":{"rendered":"<p>Le choix et la commande d\u2019un receveur de douche ne se r\u00e9sument pas seulement \u00e0 la dimension indiqu\u00e9e sur votre plan. Il est essentiel d\u2019anticiper la pose et de comprendre pourquoi les mesures doivent \u00eatre adapt\u00e9es en fonction de l\u2019espace disponible.<\/p>\n","protected":false},"author":1,"featured_media":0,"comment_status":"open","ping_status":"open","sticky":false,"template":"","format":"standard","meta":{"_et_pb_use_builder":"on","_et_pb_old_content":"","_et_gb_content_width":"","footnotes":""},"categories":[3,8,9,4],"tags":[30,28,29,27],"class_list":["post-48","post","type-post","status-publish","format-standard","hentry","category-amenagement-salle-de-bain","category-conseils-pratiques","category-pose-et-installation-salle-de-bains","category-receveur-de-douche","tag-etancheite","tag-installation","tag-pose","tag-receveur-de-douche"],"yoast_head":"<!-- This site is optimized with the Yoast SEO plugin v26.8 - https:\/\/yoast.com\/product\/yoast-seo-wordpress\/ -->\n<title>Comment mesurer correctement votre receveur de douche - Blog Carrelage et Salle de Bains<\/title>\n<meta name=\"description\" content=\"D\u00e9couvrez comment prendre les bonnes mesures pour votre futur receveur de douche avant son installation et comment le coller.\" \/>\n<meta name=\"robots\" content=\"index, follow, max-snippet:-1, max-image-preview:large, max-video-preview:-1\" \/>\n<link rel=\"canonical\" href=\"https:\/\/blog.carrelage-et-salle-de-bains.com\/index.php\/2025\/10\/01\/comment-mesurer-correctement-votre-receveur-de-douche\/\" \/>\n<meta property=\"og:locale\" content=\"fr_FR\" \/>\n<meta property=\"og:type\" content=\"article\" \/>\n<meta property=\"og:title\" content=\"Comment mesurer correctement votre receveur de douche - Blog Carrelage et Salle de Bains\" \/>\n<meta property=\"og:description\" content=\"D\u00e9couvrez comment prendre les bonnes mesures pour votre futur receveur de douche avant son installation et comment le coller.\" \/>\n<meta property=\"og:url\" content=\"https:\/\/blog.carrelage-et-salle-de-bains.com\/index.php\/2025\/10\/01\/comment-mesurer-correctement-votre-receveur-de-douche\/\" \/>\n<meta property=\"og:site_name\" content=\"Blog Carrelage et Salle de Bains\" \/>\n<meta property=\"article:publisher\" content=\"https:\/\/www.facebook.com\/share\/19vqGrpstz\/?mibextid=wwXIfr\" \/>\n<meta property=\"article:published_time\" content=\"2025-10-01T14:58:46+00:00\" \/>\n<meta property=\"article:modified_time\" content=\"2025-10-15T14:23:35+00:00\" \/>\n<meta property=\"og:image\" content=\"https:\/\/blog.carrelage-et-salle-de-bains.com\/wp-content\/uploads\/2025\/10\/cropped-Capture-decran-2025-10-01-a-18.47.47.png\" \/>\n\t<meta property=\"og:image:width\" content=\"512\" \/>\n\t<meta property=\"og:image:height\" content=\"512\" \/>\n\t<meta property=\"og:image:type\" content=\"image\/png\" \/>\n<meta name=\"author\" content=\"Camille\" \/>\n<meta name=\"twitter:card\" content=\"summary_large_image\" \/>\n<meta name=\"twitter:label1\" content=\"\u00c9crit par\" \/>\n\t<meta name=\"twitter:data1\" content=\"Camille\" \/>\n\t<meta name=\"twitter:label2\" content=\"Dur\u00e9e de lecture estim\u00e9e\" \/>\n\t<meta name=\"twitter:data2\" content=\"2 minutes\" \/>\n<script type=\"application\/ld+json\" class=\"yoast-schema-graph\">{\"@context\":\"https:\/\/schema.org\",\"@graph\":[{\"@type\":\"Article\",\"@id\":\"https:\/\/blog.carrelage-et-salle-de-bains.com\/index.php\/2025\/10\/01\/comment-mesurer-correctement-votre-receveur-de-douche\/#article\",\"isPartOf\":{\"@id\":\"https:\/\/blog.carrelage-et-salle-de-bains.com\/index.php\/2025\/10\/01\/comment-mesurer-correctement-votre-receveur-de-douche\/\"},\"author\":{\"name\":\"Camille\",\"@id\":\"https:\/\/blog.carrelage-et-salle-de-bains.com\/#\/schema\/person\/0c597b7a58979bc1a4228f21cbad7a61\"},\"headline\":\"Comment mesurer correctement votre receveur de douche\",\"datePublished\":\"2025-10-01T14:58:46+00:00\",\"dateModified\":\"2025-10-15T14:23:35+00:00\",\"mainEntityOfPage\":{\"@id\":\"https:\/\/blog.carrelage-et-salle-de-bains.com\/index.php\/2025\/10\/01\/comment-mesurer-correctement-votre-receveur-de-douche\/\"},\"wordCount\":1361,\"commentCount\":0,\"publisher\":{\"@id\":\"https:\/\/blog.carrelage-et-salle-de-bains.com\/#organization\"},\"keywords\":[\"\u00e9tanch\u00e9it\u00e9\",\"installation\",\"pose\",\"receveur de douche\"],\"articleSection\":[\"Am\u00e9nagement\",\"Conseils pratiques\",\"Pose et installation\",\"Receveur de douche\"],\"inLanguage\":\"fr-FR\",\"potentialAction\":[{\"@type\":\"CommentAction\",\"name\":\"Comment\",\"target\":[\"https:\/\/blog.carrelage-et-salle-de-bains.com\/index.php\/2025\/10\/01\/comment-mesurer-correctement-votre-receveur-de-douche\/#respond\"]}]},{\"@type\":\"WebPage\",\"@id\":\"https:\/\/blog.carrelage-et-salle-de-bains.com\/index.php\/2025\/10\/01\/comment-mesurer-correctement-votre-receveur-de-douche\/\",\"url\":\"https:\/\/blog.carrelage-et-salle-de-bains.com\/index.php\/2025\/10\/01\/comment-mesurer-correctement-votre-receveur-de-douche\/\",\"name\":\"Comment mesurer correctement votre receveur de douche - Blog Carrelage et Salle de Bains\",\"isPartOf\":{\"@id\":\"https:\/\/blog.carrelage-et-salle-de-bains.com\/#website\"},\"datePublished\":\"2025-10-01T14:58:46+00:00\",\"dateModified\":\"2025-10-15T14:23:35+00:00\",\"description\":\"D\u00e9couvrez comment prendre les bonnes mesures pour votre futur receveur de douche avant son installation et comment le coller.\",\"breadcrumb\":{\"@id\":\"https:\/\/blog.carrelage-et-salle-de-bains.com\/index.php\/2025\/10\/01\/comment-mesurer-correctement-votre-receveur-de-douche\/#breadcrumb\"},\"inLanguage\":\"fr-FR\",\"potentialAction\":[{\"@type\":\"ReadAction\",\"target\":[\"https:\/\/blog.carrelage-et-salle-de-bains.com\/index.php\/2025\/10\/01\/comment-mesurer-correctement-votre-receveur-de-douche\/\"]}]},{\"@type\":\"BreadcrumbList\",\"@id\":\"https:\/\/blog.carrelage-et-salle-de-bains.com\/index.php\/2025\/10\/01\/comment-mesurer-correctement-votre-receveur-de-douche\/#breadcrumb\",\"itemListElement\":[{\"@type\":\"ListItem\",\"position\":1,\"name\":\"Accueil\",\"item\":\"https:\/\/blog.carrelage-et-salle-de-bains.com\/\"},{\"@type\":\"ListItem\",\"position\":2,\"name\":\"Comment mesurer correctement votre receveur de douche\"}]},{\"@type\":\"WebSite\",\"@id\":\"https:\/\/blog.carrelage-et-salle-de-bains.com\/#website\",\"url\":\"https:\/\/blog.carrelage-et-salle-de-bains.com\/\",\"name\":\"Blog Carrelage et Salle de Bains\",\"description\":\"\",\"publisher\":{\"@id\":\"https:\/\/blog.carrelage-et-salle-de-bains.com\/#organization\"},\"alternateName\":\"Carrelage et Salle de Bains\",\"potentialAction\":[{\"@type\":\"SearchAction\",\"target\":{\"@type\":\"EntryPoint\",\"urlTemplate\":\"https:\/\/blog.carrelage-et-salle-de-bains.com\/?s={search_term_string}\"},\"query-input\":{\"@type\":\"PropertyValueSpecification\",\"valueRequired\":true,\"valueName\":\"search_term_string\"}}],\"inLanguage\":\"fr-FR\"},{\"@type\":\"Organization\",\"@id\":\"https:\/\/blog.carrelage-et-salle-de-bains.com\/#organization\",\"name\":\"Blog Carrelage et Salle de Bains\",\"url\":\"https:\/\/blog.carrelage-et-salle-de-bains.com\/\",\"logo\":{\"@type\":\"ImageObject\",\"inLanguage\":\"fr-FR\",\"@id\":\"https:\/\/blog.carrelage-et-salle-de-bains.com\/#\/schema\/logo\/image\/\",\"url\":\"https:\/\/blog.carrelage-et-salle-de-bains.com\/wp-content\/uploads\/2025\/09\/Capture-decran-2025-09-30-a-18.34.29.png\",\"contentUrl\":\"https:\/\/blog.carrelage-et-salle-de-bains.com\/wp-content\/uploads\/2025\/09\/Capture-decran-2025-09-30-a-18.34.29.png\",\"width\":924,\"height\":274,\"caption\":\"Blog Carrelage et Salle de Bains\"},\"image\":{\"@id\":\"https:\/\/blog.carrelage-et-salle-de-bains.com\/#\/schema\/logo\/image\/\"},\"sameAs\":[\"https:\/\/www.facebook.com\/share\/19vqGrpstz\/?mibextid=wwXIfr\",\"https:\/\/www.youtube.com\/@carrelage-et-salle-de-bains\",\"https:\/\/www.instagram.com\/carrelageetsalledebain?igsh=MWtocXVwdTRvd3RtaQ==\"]},{\"@type\":\"Person\",\"@id\":\"https:\/\/blog.carrelage-et-salle-de-bains.com\/#\/schema\/person\/0c597b7a58979bc1a4228f21cbad7a61\",\"name\":\"Camille\",\"image\":{\"@type\":\"ImageObject\",\"inLanguage\":\"fr-FR\",\"@id\":\"https:\/\/blog.carrelage-et-salle-de-bains.com\/#\/schema\/person\/image\/\",\"url\":\"https:\/\/secure.gravatar.com\/avatar\/6616e0439338e10eadb751e7c4187a1c15cbe783a45f05cc4fc546f879526173?s=96&d=mm&r=g\",\"contentUrl\":\"https:\/\/secure.gravatar.com\/avatar\/6616e0439338e10eadb751e7c4187a1c15cbe783a45f05cc4fc546f879526173?s=96&d=mm&r=g\",\"caption\":\"Camille\"},\"sameAs\":[\"https:\/\/blog.carrelage-et-salle-de-bains.com\"],\"url\":\"https:\/\/blog.carrelage-et-salle-de-bains.com\/index.php\/author\/camilleadmincsdb\/\"}]}<\/script>\n<!-- \/ Yoast SEO plugin. -->","yoast_head_json":{"title":"Comment mesurer correctement votre receveur de douche - Blog Carrelage et Salle de Bains","description":"D\u00e9couvrez comment prendre les bonnes mesures pour votre futur receveur de douche avant son installation et comment le coller.","robots":{"index":"index","follow":"follow","max-snippet":"max-snippet:-1","max-image-preview":"max-image-preview:large","max-video-preview":"max-video-preview:-1"},"canonical":"https:\/\/blog.carrelage-et-salle-de-bains.com\/index.php\/2025\/10\/01\/comment-mesurer-correctement-votre-receveur-de-douche\/","og_locale":"fr_FR","og_type":"article","og_title":"Comment mesurer correctement votre receveur de douche - Blog Carrelage et Salle de Bains","og_description":"D\u00e9couvrez comment prendre les bonnes mesures pour votre futur receveur de douche avant son installation et comment le coller.","og_url":"https:\/\/blog.carrelage-et-salle-de-bains.com\/index.php\/2025\/10\/01\/comment-mesurer-correctement-votre-receveur-de-douche\/","og_site_name":"Blog Carrelage et Salle de Bains","article_publisher":"https:\/\/www.facebook.com\/share\/19vqGrpstz\/?mibextid=wwXIfr","article_published_time":"2025-10-01T14:58:46+00:00","article_modified_time":"2025-10-15T14:23:35+00:00","og_image":[{"width":512,"height":512,"url":"https:\/\/blog.carrelage-et-salle-de-bains.com\/wp-content\/uploads\/2025\/10\/cropped-Capture-decran-2025-10-01-a-18.47.47.png","type":"image\/png"}],"author":"Camille","twitter_card":"summary_large_image","twitter_misc":{"\u00c9crit par":"Camille","Dur\u00e9e de lecture estim\u00e9e":"2 minutes"},"schema":{"@context":"https:\/\/schema.org","@graph":[{"@type":"Article","@id":"https:\/\/blog.carrelage-et-salle-de-bains.com\/index.php\/2025\/10\/01\/comment-mesurer-correctement-votre-receveur-de-douche\/#article","isPartOf":{"@id":"https:\/\/blog.carrelage-et-salle-de-bains.com\/index.php\/2025\/10\/01\/comment-mesurer-correctement-votre-receveur-de-douche\/"},"author":{"name":"Camille","@id":"https:\/\/blog.carrelage-et-salle-de-bains.com\/#\/schema\/person\/0c597b7a58979bc1a4228f21cbad7a61"},"headline":"Comment mesurer correctement votre receveur de douche","datePublished":"2025-10-01T14:58:46+00:00","dateModified":"2025-10-15T14:23:35+00:00","mainEntityOfPage":{"@id":"https:\/\/blog.carrelage-et-salle-de-bains.com\/index.php\/2025\/10\/01\/comment-mesurer-correctement-votre-receveur-de-douche\/"},"wordCount":1361,"commentCount":0,"publisher":{"@id":"https:\/\/blog.carrelage-et-salle-de-bains.com\/#organization"},"keywords":["\u00e9tanch\u00e9it\u00e9","installation","pose","receveur de douche"],"articleSection":["Am\u00e9nagement","Conseils pratiques","Pose et installation","Receveur de douche"],"inLanguage":"fr-FR","potentialAction":[{"@type":"CommentAction","name":"Comment","target":["https:\/\/blog.carrelage-et-salle-de-bains.com\/index.php\/2025\/10\/01\/comment-mesurer-correctement-votre-receveur-de-douche\/#respond"]}]},{"@type":"WebPage","@id":"https:\/\/blog.carrelage-et-salle-de-bains.com\/index.php\/2025\/10\/01\/comment-mesurer-correctement-votre-receveur-de-douche\/","url":"https:\/\/blog.carrelage-et-salle-de-bains.com\/index.php\/2025\/10\/01\/comment-mesurer-correctement-votre-receveur-de-douche\/","name":"Comment mesurer correctement votre receveur de douche - Blog Carrelage et Salle de Bains","isPartOf":{"@id":"https:\/\/blog.carrelage-et-salle-de-bains.com\/#website"},"datePublished":"2025-10-01T14:58:46+00:00","dateModified":"2025-10-15T14:23:35+00:00","description":"D\u00e9couvrez comment prendre les bonnes mesures pour votre futur receveur de douche avant son installation et comment le coller.","breadcrumb":{"@id":"https:\/\/blog.carrelage-et-salle-de-bains.com\/index.php\/2025\/10\/01\/comment-mesurer-correctement-votre-receveur-de-douche\/#breadcrumb"},"inLanguage":"fr-FR","potentialAction":[{"@type":"ReadAction","target":["https:\/\/blog.carrelage-et-salle-de-bains.com\/index.php\/2025\/10\/01\/comment-mesurer-correctement-votre-receveur-de-douche\/"]}]},{"@type":"BreadcrumbList","@id":"https:\/\/blog.carrelage-et-salle-de-bains.com\/index.php\/2025\/10\/01\/comment-mesurer-correctement-votre-receveur-de-douche\/#breadcrumb","itemListElement":[{"@type":"ListItem","position":1,"name":"Accueil","item":"https:\/\/blog.carrelage-et-salle-de-bains.com\/"},{"@type":"ListItem","position":2,"name":"Comment mesurer correctement votre receveur de douche"}]},{"@type":"WebSite","@id":"https:\/\/blog.carrelage-et-salle-de-bains.com\/#website","url":"https:\/\/blog.carrelage-et-salle-de-bains.com\/","name":"Blog Carrelage et Salle de Bains","description":"","publisher":{"@id":"https:\/\/blog.carrelage-et-salle-de-bains.com\/#organization"},"alternateName":"Carrelage et Salle de Bains","potentialAction":[{"@type":"SearchAction","target":{"@type":"EntryPoint","urlTemplate":"https:\/\/blog.carrelage-et-salle-de-bains.com\/?s={search_term_string}"},"query-input":{"@type":"PropertyValueSpecification","valueRequired":true,"valueName":"search_term_string"}}],"inLanguage":"fr-FR"},{"@type":"Organization","@id":"https:\/\/blog.carrelage-et-salle-de-bains.com\/#organization","name":"Blog Carrelage et Salle de Bains","url":"https:\/\/blog.carrelage-et-salle-de-bains.com\/","logo":{"@type":"ImageObject","inLanguage":"fr-FR","@id":"https:\/\/blog.carrelage-et-salle-de-bains.com\/#\/schema\/logo\/image\/","url":"https:\/\/blog.carrelage-et-salle-de-bains.com\/wp-content\/uploads\/2025\/09\/Capture-decran-2025-09-30-a-18.34.29.png","contentUrl":"https:\/\/blog.carrelage-et-salle-de-bains.com\/wp-content\/uploads\/2025\/09\/Capture-decran-2025-09-30-a-18.34.29.png","width":924,"height":274,"caption":"Blog Carrelage et Salle de Bains"},"image":{"@id":"https:\/\/blog.carrelage-et-salle-de-bains.com\/#\/schema\/logo\/image\/"},"sameAs":["https:\/\/www.facebook.com\/share\/19vqGrpstz\/?mibextid=wwXIfr","https:\/\/www.youtube.com\/@carrelage-et-salle-de-bains","https:\/\/www.instagram.com\/carrelageetsalledebain?igsh=MWtocXVwdTRvd3RtaQ=="]},{"@type":"Person","@id":"https:\/\/blog.carrelage-et-salle-de-bains.com\/#\/schema\/person\/0c597b7a58979bc1a4228f21cbad7a61","name":"Camille","image":{"@type":"ImageObject","inLanguage":"fr-FR","@id":"https:\/\/blog.carrelage-et-salle-de-bains.com\/#\/schema\/person\/image\/","url":"https:\/\/secure.gravatar.com\/avatar\/6616e0439338e10eadb751e7c4187a1c15cbe783a45f05cc4fc546f879526173?s=96&d=mm&r=g","contentUrl":"https:\/\/secure.gravatar.com\/avatar\/6616e0439338e10eadb751e7c4187a1c15cbe783a45f05cc4fc546f879526173?s=96&d=mm&r=g","caption":"Camille"},"sameAs":["https:\/\/blog.carrelage-et-salle-de-bains.com"],"url":"https:\/\/blog.carrelage-et-salle-de-bains.com\/index.php\/author\/camilleadmincsdb\/"}]}},"_links":{"self":[{"href":"https:\/\/blog.carrelage-et-salle-de-bains.com\/index.php\/wp-json\/wp\/v2\/posts\/48","targetHints":{"allow":["GET"]}}],"collection":[{"href":"https:\/\/blog.carrelage-et-salle-de-bains.com\/index.php\/wp-json\/wp\/v2\/posts"}],"about":[{"href":"https:\/\/blog.carrelage-et-salle-de-bains.com\/index.php\/wp-json\/wp\/v2\/types\/post"}],"author":[{"embeddable":true,"href":"https:\/\/blog.carrelage-et-salle-de-bains.com\/index.php\/wp-json\/wp\/v2\/users\/1"}],"replies":[{"embeddable":true,"href":"https:\/\/blog.carrelage-et-salle-de-bains.com\/index.php\/wp-json\/wp\/v2\/comments?post=48"}],"version-history":[{"count":8,"href":"https:\/\/blog.carrelage-et-salle-de-bains.com\/index.php\/wp-json\/wp\/v2\/posts\/48\/revisions"}],"predecessor-version":[{"id":205,"href":"https:\/\/blog.carrelage-et-salle-de-bains.com\/index.php\/wp-json\/wp\/v2\/posts\/48\/revisions\/205"}],"wp:attachment":[{"href":"https:\/\/blog.carrelage-et-salle-de-bains.com\/index.php\/wp-json\/wp\/v2\/media?parent=48"}],"wp:term":[{"taxonomy":"category","embeddable":true,"href":"https:\/\/blog.carrelage-et-salle-de-bains.com\/index.php\/wp-json\/wp\/v2\/categories?post=48"},{"taxonomy":"post_tag","embeddable":true,"href":"https:\/\/blog.carrelage-et-salle-de-bains.com\/index.php\/wp-json\/wp\/v2\/tags?post=48"}],"curies":[{"name":"wp","href":"https:\/\/api.w.org\/{rel}","templated":true}]}}