{"id":241,"date":"2025-10-08T12:57:59","date_gmt":"2025-10-08T12:57:59","guid":{"rendered":"https:\/\/blog.carrelage-et-salle-de-bains.com\/?p=241"},"modified":"2025-10-08T13:21:35","modified_gmt":"2025-10-08T13:21:35","slug":"avantages-paroi-a-l-italienne-fixe-de-douche","status":"publish","type":"post","link":"https:\/\/blog.carrelage-et-salle-de-bains.com\/index.php\/2025\/10\/08\/avantages-paroi-a-l-italienne-fixe-de-douche\/","title":{"rendered":"Paroi \u00e0 l&rsquo;italienne fixe de douche sur mesure : la solution moderne et esth\u00e9tique pour votre salle de bain"},"content":{"rendered":"\n[et_pb_section fb_built=\u00a0\u00bb1&Prime; admin_label=\u00a0\u00bbHeader Section\u00a0\u00bb _builder_version=\u00a0\u00bb4.27.4&Prime; background_color_gradient_type=\u00a0\u00bbconic\u00a0\u00bb background_color_gradient_direction_radial=\u00a0\u00bbtop\u00a0\u00bb background_color_gradient_stops=\u00a0\u00bb#ffffff 28%|rgba(255, 255, 255, 0.64) 45%|rgba(255, 255, 255, 0.59) 48%|rgba(255,255,255,0) 84%\u00a0\u00bb background_image=\u00a0\u00bbhttps:\/\/blog.carrelage-et-salle-de-bains.com\/wp-content\/uploads\/2025\/10\/ba315b32-40d7-4952-8817-2347dce176bc.png\u00a0\u00bb background_position=\u00a0\u00bbcenter_left\u00a0\u00bb background_horizontal_offset=\u00a0\u00bb25%\u00a0\u00bb custom_padding=\u00a0\u00bb75px|||\u00a0\u00bb global_colors_info=\u00a0\u00bb{}\u00a0\u00bb][et_pb_row column_structure=\u00a0\u00bb1_2,1_2&Prime; admin_label=\u00a0\u00bbHeader Row\u00a0\u00bb _builder_version=\u00a0\u00bb4.16&Prime; custom_margin=\u00a0\u00bb|||\u00a0\u00bb custom_padding=\u00a0\u00bb0px|0px|0px|0px\u00a0\u00bb box_shadow_style=\u00a0\u00bbpreset4&Prime; box_shadow_horizontal=\u00a0\u00bb900px\u00a0\u00bb box_shadow_vertical=\u00a0\u00bb-500px\u00a0\u00bb box_shadow_spread=\u00a0\u00bb80px\u00a0\u00bb box_shadow_color=\u00a0\u00bb#1a1a1a\u00a0\u00bb global_colors_info=\u00a0\u00bb{}\u00a0\u00bb][et_pb_column type=\u00a0\u00bb1_2&Prime; _builder_version=\u00a0\u00bb4.16&Prime; custom_padding=\u00a0\u00bb|||\u00a0\u00bb global_colors_info=\u00a0\u00bb{}\u00a0\u00bb custom_padding__hover=\u00a0\u00bb|||\u00a0\u00bb][et_pb_cta title=\u00a0\u00bbParoi \u00e0 l&rsquo;italienne fixe de douche sur mesure : la solution moderne et esth\u00e9tique pour votre salle de bain\u00a0\u00bb button_url=\u00a0\u00bbhttps:\/\/www.carrelage-et-salle-de-bains.com\/carrelage-et-salle-de-bains\/sous_famille\/28\/466\/-Paroi-Fixe\u00a0\u00bb button_text=\u00a0\u00bbNos Parois Fixe \u00a0\u00bb admin_label=\u00a0\u00bbHeading, Subheading &#038; CTA Button\u00a0\u00bb _builder_version=\u00a0\u00bb4.27.4&Prime; header_level=\u00a0\u00bbh1&Prime; header_font=\u00a0\u00bb|700|||||||\u00a0\u00bb header_text_align=\u00a0\u00bbleft\u00a0\u00bb header_text_color=\u00a0\u00bb#FFFFFF\u00a0\u00bb header_font_size=\u00a0\u00bb32px\u00a0\u00bb header_line_height=\u00a0\u00bb1.4em\u00a0\u00bb body_font=\u00a0\u00bb|600|||||||\u00a0\u00bb body_text_align=\u00a0\u00bbleft\u00a0\u00bb body_text_color=\u00a0\u00bb#FFFFFF\u00a0\u00bb body_font_size=\u00a0\u00bb18px\u00a0\u00bb body_line_height=\u00a0\u00bb1.8em\u00a0\u00bb use_background_color=\u00a0\u00bboff\u00a0\u00bb custom_button=\u00a0\u00bbon\u00a0\u00bb button_text_size=\u00a0\u00bb16px\u00a0\u00bb button_text_color=\u00a0\u00bb#FFFFFF\u00a0\u00bb button_bg_color=\u00a0\u00bb#8300E9&Prime; button_border_width=\u00a0\u00bb10px\u00a0\u00bb button_border_color=\u00a0\u00bb#8300E9&Prime; button_border_radius=\u00a0\u00bb7px\u00a0\u00bb button_letter_spacing=\u00a0\u00bb1px\u00a0\u00bb button_font=\u00a0\u00bb|700|||||||\u00a0\u00bb button_use_icon=\u00a0\u00bboff\u00a0\u00bb background_layout=\u00a0\u00bblight\u00a0\u00bb custom_margin=\u00a0\u00bb7vw||3vw|\u00a0\u00bb custom_margin_tablet=\u00a0\u00bb3vw||3vw|\u00a0\u00bb custom_margin_phone=\u00a0\u00bb|||\u00a0\u00bb custom_margin_last_edited=\u00a0\u00bbon|desktop\u00a0\u00bb custom_padding=\u00a0\u00bb|||4px||\u00a0\u00bb animation_style=\u00a0\u00bbfade\u00a0\u00bb hover_enabled=\u00a0\u00bb0&Prime; header_font_size_tablet=\u00a0\u00bb\u00a0\u00bb header_font_size_phone=\u00a0\u00bb50px\u00a0\u00bb header_font_size_last_edited=\u00a0\u00bbon|phone\u00a0\u00bb header_text_shadow_style=\u00a0\u00bbpreset5&Prime; header_text_shadow_blur_strength=\u00a0\u00bb0.14em\u00a0\u00bb body_text_shadow_style=\u00a0\u00bbpreset5&Prime; body_text_shadow_horizontal_length=\u00a0\u00bb0.03em\u00a0\u00bb body_text_shadow_blur_strength=\u00a0\u00bb0.35em\u00a0\u00bb body_text_shadow_color=\u00a0\u00bb#000000&Prime; border_width_all=\u00a0\u00bb3px\u00a0\u00bb border_color_all=\u00a0\u00bbRGBA(255,255,255,0)\u00a0\u00bb button_border_radius_hover=\u00a0\u00bb0px\u00a0\u00bb global_colors_info=\u00a0\u00bb{}\u00a0\u00bb button_text_size__hover_enabled=\u00a0\u00bboff\u00a0\u00bb button_one_text_size__hover_enabled=\u00a0\u00bboff\u00a0\u00bb button_two_text_size__hover_enabled=\u00a0\u00bboff\u00a0\u00bb button_text_color__hover_enabled=\u00a0\u00bboff\u00a0\u00bb button_one_text_color__hover_enabled=\u00a0\u00bboff\u00a0\u00bb button_two_text_color__hover_enabled=\u00a0\u00bboff\u00a0\u00bb button_border_width__hover_enabled=\u00a0\u00bboff\u00a0\u00bb button_one_border_width__hover_enabled=\u00a0\u00bboff\u00a0\u00bb button_two_border_width__hover_enabled=\u00a0\u00bboff\u00a0\u00bb button_border_color__hover_enabled=\u00a0\u00bboff\u00a0\u00bb button_one_border_color__hover_enabled=\u00a0\u00bboff\u00a0\u00bb button_two_border_color__hover_enabled=\u00a0\u00bboff\u00a0\u00bb button_border_radius__hover_enabled=\u00a0\u00bbon\u00a0\u00bb button_border_radius__hover=\u00a0\u00bb0px\u00a0\u00bb button_one_border_radius__hover_enabled=\u00a0\u00bboff\u00a0\u00bb button_two_border_radius__hover_enabled=\u00a0\u00bboff\u00a0\u00bb button_letter_spacing__hover_enabled=\u00a0\u00bboff\u00a0\u00bb button_one_letter_spacing__hover_enabled=\u00a0\u00bboff\u00a0\u00bb button_two_letter_spacing__hover_enabled=\u00a0\u00bboff\u00a0\u00bb button_bg_color__hover_enabled=\u00a0\u00bboff\u00a0\u00bb button_one_bg_color__hover_enabled=\u00a0\u00bboff\u00a0\u00bb button_two_bg_color__hover_enabled=\u00a0\u00bboff\u00a0\u00bb sticky_enabled=\u00a0\u00bb0&Prime;]<p data-start=\"406\" data-end=\"563\">D\u00e9couvrez les avantages d\u2019une paroi fixe de douche sur mesure : design, luminosit\u00e9 et praticit\u00e9. Conseils d\u2019achat et d\u2019installation pour votre salle de bain.<\/p>[\/et_pb_cta][\/et_pb_column][et_pb_column type=\u00a0\u00bb1_2&Prime; _builder_version=\u00a0\u00bb4.16&Prime; custom_padding=\u00a0\u00bb|||\u00a0\u00bb global_colors_info=\u00a0\u00bb{}\u00a0\u00bb custom_padding__hover=\u00a0\u00bb|||\u00a0\u00bb][et_pb_image src=\u00a0\u00bbhttps:\/\/blog.carrelage-et-salle-de-bains.com\/wp-content\/uploads\/2025\/10\/ba315b32-40d7-4952-8817-2347dce176bc.png\u00a0\u00bb title_text=\u00a0\u00bbba315b32-40d7-4952-8817-2347dce176bc\u00a0\u00bb align_tablet=\u00a0\u00bbcenter\u00a0\u00bb align_phone=\u00a0\u00bbcenter\u00a0\u00bb align_last_edited=\u00a0\u00bbon|desktop\u00a0\u00bb admin_label=\u00a0\u00bbHeader Image\u00a0\u00bb _builder_version=\u00a0\u00bb4.27.4&Prime; border_width_all=\u00a0\u00bb5px\u00a0\u00bb global_colors_info=\u00a0\u00bb{}\u00a0\u00bb][\/et_pb_image][\/et_pb_column][\/et_pb_row][et_pb_row column_structure=\u00a0\u00bb1_2,1_2&Prime; use_custom_gutter=\u00a0\u00bbon\u00a0\u00bb gutter_width=\u00a0\u00bb1&Prime; admin_label=\u00a0\u00bbIntro Row\u00a0\u00bb module_class=\u00a0\u00bb et_pb_row_fullwidth\u00a0\u00bb _builder_version=\u00a0\u00bb4.16&Prime; width=\u00a0\u00bb100%\u00a0\u00bb width_tablet=\u00a0\u00bb100%\u00a0\u00bb width_phone=\u00a0\u00bb100%\u00a0\u00bb width_last_edited=\u00a0\u00bbon|desktop\u00a0\u00bb max_width=\u00a0\u00bb100%\u00a0\u00bb max_width_tablet=\u00a0\u00bb100%\u00a0\u00bb max_width_phone=\u00a0\u00bb100%\u00a0\u00bb max_width_last_edited=\u00a0\u00bbon|desktop\u00a0\u00bb custom_margin=\u00a0\u00bb100px||60%|\u00a0\u00bb custom_padding=\u00a0\u00bb|||\u00a0\u00bb make_fullwidth=\u00a0\u00bbon\u00a0\u00bb global_colors_info=\u00a0\u00bb{}\u00a0\u00bb][et_pb_column type=\u00a0\u00bb1_2&Prime; _builder_version=\u00a0\u00bb4.16&Prime; background_color=\u00a0\u00bb#1a1a1a\u00a0\u00bb custom_padding=\u00a0\u00bb|||\u00a0\u00bb global_colors_info=\u00a0\u00bb{}\u00a0\u00bb custom_padding__hover=\u00a0\u00bb|||\u00a0\u00bb][et_pb_text admin_label=\u00a0\u00bbTitle &#038; Paragraph\u00a0\u00bb _builder_version=\u00a0\u00bb4.16&Prime; text_font=\u00a0\u00bbMuli|600|||||||\u00a0\u00bb text_text_color=\u00a0\u00bbrgba(255,255,255,0.55)\u00a0\u00bb text_font_size=\u00a0\u00bb18px\u00a0\u00bb text_line_height=\u00a0\u00bb1.8em\u00a0\u00bb header_font=\u00a0\u00bb||||||||\u00a0\u00bb header_2_font=\u00a0\u00bbMuli|700|||||||\u00a0\u00bb header_2_font_size=\u00a0\u00bb50px\u00a0\u00bb header_2_line_height=\u00a0\u00bb1.4em\u00a0\u00bb background_layout=\u00a0\u00bbdark\u00a0\u00bb max_width=\u00a0\u00bb600px\u00a0\u00bb max_width_tablet=\u00a0\u00bb\u00a0\u00bb max_width_phone=\u00a0\u00bb\u00a0\u00bb max_width_last_edited=\u00a0\u00bbon|phone\u00a0\u00bb module_alignment=\u00a0\u00bbright\u00a0\u00bb custom_margin=\u00a0\u00bb|-66px||||\u00a0\u00bb custom_padding=\u00a0\u00bb100px|0px|100px|13px||\u00a0\u00bb custom_padding_tablet=\u00a0\u00bb\u00a0\u00bb custom_padding_phone=\u00a0\u00bb\u00a0\u00bb custom_padding_last_edited=\u00a0\u00bbon|desktop\u00a0\u00bb global_colors_info=\u00a0\u00bb{}\u00a0\u00bb]<h2>Introduction<\/h2>\n<p data-start=\"622\" data-end=\"973\">Vous envisagez des <strong data-start=\"641\" data-end=\"691\">travaux de r\u00e9novation dans votre salle de bain<\/strong> ? Changer ou moderniser votre douche ? Opter pour une <strong data-start=\"746\" data-end=\"781\">paroi fixe de douche sur mesure<\/strong> est une excellente id\u00e9e. Ce type d\u2019installation s\u00e9duit de plus en plus de particuliers gr\u00e2ce \u00e0 son design minimaliste, sa facilit\u00e9 d\u2019entretien et sa capacit\u00e9 \u00e0 s\u2019adapter \u00e0 tous les espaces.<\/p>[\/et_pb_text][\/et_pb_column][et_pb_column type=\u00a0\u00bb1_2&Prime; _builder_version=\u00a0\u00bb4.16&Prime; custom_padding=\u00a0\u00bb|||\u00a0\u00bb global_colors_info=\u00a0\u00bb{}\u00a0\u00bb custom_padding__hover=\u00a0\u00bb|||\u00a0\u00bb][\/et_pb_column][\/et_pb_row][\/et_pb_section][et_pb_section fb_built=\u00a0\u00bb1&Prime; admin_label=\u00a0\u00bbCTA Section\u00a0\u00bb _builder_version=\u00a0\u00bb4.16&Prime; custom_padding=\u00a0\u00bb100px||100px|\u00a0\u00bb global_colors_info=\u00a0\u00bb{}\u00a0\u00bb][et_pb_row column_structure=\u00a0\u00bb1_2,1_2&Prime; use_custom_gutter=\u00a0\u00bbon\u00a0\u00bb admin_label=\u00a0\u00bbCTA Row\u00a0\u00bb _builder_version=\u00a0\u00bb4.27.4&Prime; custom_margin=\u00a0\u00bb|||\u00a0\u00bb custom_padding=\u00a0\u00bb|||\u00a0\u00bb global_colors_info=\u00a0\u00bb{}\u00a0\u00bb][et_pb_column type=\u00a0\u00bb1_2&Prime; _builder_version=\u00a0\u00bb4.16&Prime; custom_padding=\u00a0\u00bb|||\u00a0\u00bb global_colors_info=\u00a0\u00bb{}\u00a0\u00bb custom_padding__hover=\u00a0\u00bb|||\u00a0\u00bb][et_pb_image src=\u00a0\u00bbhttps:\/\/blog.carrelage-et-salle-de-bains.com\/wp-content\/uploads\/2025\/10\/nordic-douche-fixe-gold-fn2001-profiltek.jpg\u00a0\u00bb title_text=\u00a0\u00bbnordic-douche-fixe-gold-fn2001-profiltek\u00a0\u00bb force_fullwidth=\u00a0\u00bbon\u00a0\u00bb align_tablet=\u00a0\u00bbcenter\u00a0\u00bb align_phone=\u00a0\u00bbcenter\u00a0\u00bb align_last_edited=\u00a0\u00bbon|desktop\u00a0\u00bb _builder_version=\u00a0\u00bb4.27.4&Prime; transform_scale=\u00a0\u00bb168%|168%\u00a0\u00bb transform_translate=\u00a0\u00bb-23px|-23px\u00a0\u00bb min_height=\u00a0\u00bb394px\u00a0\u00bb height=\u00a0\u00bb369px\u00a0\u00bb max_height=\u00a0\u00bb1000px\u00a0\u00bb border_width_all=\u00a0\u00bb5px\u00a0\u00bb global_colors_info=\u00a0\u00bb{}\u00a0\u00bb][\/et_pb_image][\/et_pb_column][et_pb_column type=\u00a0\u00bb1_2&Prime; _builder_version=\u00a0\u00bb4.16&Prime; custom_padding=\u00a0\u00bb|||\u00a0\u00bb global_colors_info=\u00a0\u00bb{}\u00a0\u00bb custom_padding__hover=\u00a0\u00bb|||\u00a0\u00bb][et_pb_text admin_label=\u00a0\u00bbTitle\u00a0\u00bb _builder_version=\u00a0\u00bb4.27.4&Prime; text_font=\u00a0\u00bb|600|||||||\u00a0\u00bb text_font_size=\u00a0\u00bb16px\u00a0\u00bb text_line_height=\u00a0\u00bb1.8em\u00a0\u00bb header_font=\u00a0\u00bb||||||||\u00a0\u00bb header_font_size=\u00a0\u00bb28px\u00a0\u00bb header_2_font=\u00a0\u00bbMuli|700|||||||\u00a0\u00bb header_2_font_size=\u00a0\u00bb65px\u00a0\u00bb header_2_line_height=\u00a0\u00bb1.4em\u00a0\u00bb max_width_last_edited=\u00a0\u00bboff|desktop\u00a0\u00bb custom_margin=\u00a0\u00bb200px|||-100px\u00a0\u00bb custom_margin_tablet=\u00a0\u00bb0px|||0px\u00a0\u00bb custom_margin_phone=\u00a0\u00bb\u00a0\u00bb custom_margin_last_edited=\u00a0\u00bbon|desktop\u00a0\u00bb custom_padding=\u00a0\u00bb|||\u00a0\u00bb custom_padding_last_edited=\u00a0\u00bboff|desktop\u00a0\u00bb header_2_font_size_tablet=\u00a0\u00bb50px\u00a0\u00bb header_2_font_size_phone=\u00a0\u00bb50px\u00a0\u00bb header_2_font_size_last_edited=\u00a0\u00bbon|tablet\u00a0\u00bb text_text_shadow_style=\u00a0\u00bbpreset5&Prime; text_text_shadow_blur_strength=\u00a0\u00bb0.22em\u00a0\u00bb text_text_shadow_color=\u00a0\u00bb#FFFFFF\u00a0\u00bb header_text_shadow_style=\u00a0\u00bbpreset5&Prime; header_text_shadow_color=\u00a0\u00bb#FFFFFF\u00a0\u00bb global_colors_info=\u00a0\u00bb{}\u00a0\u00bb]<h2 data-start=\"980\" data-end=\"1042\"><strong data-start=\"984\" data-end=\"1042\">Pourquoi choisir une paroi fixe de douche sur mesure ?<\/strong><\/h2>\n<p data-start=\"1044\" data-end=\"1251\"><\/p>[\/et_pb_text][et_pb_text admin_label=\u00a0\u00bbParagraph\u00a0\u00bb _builder_version=\u00a0\u00bb4.27.4&Prime; text_font=\u00a0\u00bb||||||||\u00a0\u00bb text_font_size=\u00a0\u00bb21px\u00a0\u00bb text_line_height=\u00a0\u00bb1.8em\u00a0\u00bb header_font=\u00a0\u00bb||||||||\u00a0\u00bb header_2_font=\u00a0\u00bbMuli|700|||||||\u00a0\u00bb header_2_font_size=\u00a0\u00bb50px\u00a0\u00bb header_2_line_height=\u00a0\u00bb1.4em\u00a0\u00bb max_width_last_edited=\u00a0\u00bboff|desktop\u00a0\u00bb module_alignment=\u00a0\u00bbright\u00a0\u00bb custom_margin=\u00a0\u00bb|||-70px||\u00a0\u00bb custom_padding=\u00a0\u00bb|||\u00a0\u00bb custom_padding_tablet=\u00a0\u00bb30px|0px|30px|0px\u00a0\u00bb custom_padding_phone=\u00a0\u00bb\u00a0\u00bb custom_padding_last_edited=\u00a0\u00bbon|tablet\u00a0\u00bb global_colors_info=\u00a0\u00bb{}\u00a0\u00bb]<p data-start=\"1044\" data-end=\"1251\">Installer une <strong data-start=\"1058\" data-end=\"1082\">paroi fixe de douche<\/strong> permet de transformer totalement l\u2019allure d\u2019une salle d\u2019eau. Contrairement aux cabines de douche classiques, la paroi fixe offre une impression d\u2019espace et de clart\u00e9.<\/p>\n<ul data-start=\"1252\" data-end=\"1737\">\n<li data-start=\"1252\" data-end=\"1390\">\n<p data-start=\"1254\" data-end=\"1390\"><strong data-start=\"1254\" data-end=\"1277\">Adaptabilit\u00e9 totale<\/strong> : le sur mesure permet de s\u2019ajuster parfaitement \u00e0 la configuration de votre pi\u00e8ce, quelle que soit sa taille.<\/p>\n<\/li>\n<li data-start=\"1391\" data-end=\"1510\">\n<p data-start=\"1393\" data-end=\"1510\"><strong data-start=\"1393\" data-end=\"1421\">R\u00e9sistance et \u00e9tanch\u00e9it\u00e9<\/strong> : les mat\u00e9riaux utilis\u00e9s garantissent une parfaite isolation contre les \u00e9claboussures.<\/p>\n<\/li>\n<li data-start=\"1511\" data-end=\"1602\">\n<p data-start=\"1513\" data-end=\"1602\"><strong data-start=\"1513\" data-end=\"1536\">Entretien simplifi\u00e9<\/strong> : la surface lisse et sans rails limite les d\u00e9p\u00f4ts de calcaire.<\/p>\n<\/li>\n<li data-start=\"1603\" data-end=\"1737\">\n<p data-start=\"1605\" data-end=\"1737\" style=\"text-align: left;\"><strong data-start=\"1605\" data-end=\"1627\">Esth\u00e9tique moderne<\/strong> : lignes \u00e9pur\u00e9es, transparence et lumi\u00e8re naturelle donnent une touche haut de gamme \u00e0 votre salle de bain.<\/p>\n<\/li>\n<\/ul>[\/et_pb_text][\/et_pb_column][\/et_pb_row][\/et_pb_section][et_pb_section fb_built=\u00a0\u00bb1&Prime; admin_label=\u00a0\u00bbOur Works CTA Section\u00a0\u00bb _builder_version=\u00a0\u00bb4.16&Prime; background_color=\u00a0\u00bb#1a1a1a\u00a0\u00bb custom_padding=\u00a0\u00bb0px|0px|0px|0px\u00a0\u00bb global_colors_info=\u00a0\u00bb{}\u00a0\u00bb][et_pb_row column_structure=\u00a0\u00bb1_2,1_2&Prime; use_custom_gutter=\u00a0\u00bbon\u00a0\u00bb admin_label=\u00a0\u00bbCTA Row\u00a0\u00bb _builder_version=\u00a0\u00bb4.16&Prime; width=\u00a0\u00bb100%\u00a0\u00bb max_width=\u00a0\u00bb100%\u00a0\u00bb custom_margin=\u00a0\u00bb|||\u00a0\u00bb custom_padding=\u00a0\u00bb0px|0px|0px|0px\u00a0\u00bb use_custom_width=\u00a0\u00bbon\u00a0\u00bb width_unit=\u00a0\u00bboff\u00a0\u00bb custom_width_percent=\u00a0\u00bb100%\u00a0\u00bb global_colors_info=\u00a0\u00bb{}\u00a0\u00bb][et_pb_column type=\u00a0\u00bb1_2&Prime; _builder_version=\u00a0\u00bb4.16&Prime; custom_padding=\u00a0\u00bb|||\u00a0\u00bb global_colors_info=\u00a0\u00bb{}\u00a0\u00bb custom_padding__hover=\u00a0\u00bb|||\u00a0\u00bb][et_pb_cta title=\u00a0\u00bbPlus de luminosit\u00e9 avec la paroi fixe de douche sur mesure\u00a0\u00bb button_url=\u00a0\u00bb#top\u00a0\u00bb _builder_version=\u00a0\u00bb4.27.4&Prime; header_font=\u00a0\u00bb|700|||||||\u00a0\u00bb header_text_color=\u00a0\u00bb#ffffff\u00a0\u00bb header_font_size=\u00a0\u00bb50px\u00a0\u00bb header_line_height=\u00a0\u00bb1.4em\u00a0\u00bb body_font=\u00a0\u00bb||||||||\u00a0\u00bb body_text_align=\u00a0\u00bbleft\u00a0\u00bb body_text_color=\u00a0\u00bb#FFFFFF\u00a0\u00bb body_font_size=\u00a0\u00bb20px\u00a0\u00bb body_line_height=\u00a0\u00bb1.8em\u00a0\u00bb use_background_color=\u00a0\u00bboff\u00a0\u00bb custom_button=\u00a0\u00bbon\u00a0\u00bb button_text_size=\u00a0\u00bb16px\u00a0\u00bb button_text_color=\u00a0\u00bb#ffffff\u00a0\u00bb button_bg_color=\u00a0\u00bb#f4583f\u00a0\u00bb button_border_width=\u00a0\u00bb10px\u00a0\u00bb button_border_color=\u00a0\u00bb#f4583f\u00a0\u00bb button_border_radius=\u00a0\u00bb0px\u00a0\u00bb button_font=\u00a0\u00bbMuli|700|||||||\u00a0\u00bb button_use_icon=\u00a0\u00bboff\u00a0\u00bb max_width=\u00a0\u00bb600px\u00a0\u00bb max_width_tablet=\u00a0\u00bb\u00a0\u00bb max_width_phone=\u00a0\u00bb\u00a0\u00bb max_width_last_edited=\u00a0\u00bbon|desktop\u00a0\u00bb module_alignment=\u00a0\u00bbright\u00a0\u00bb custom_margin=\u00a0\u00bb18%||18%|\u00a0\u00bb custom_margin_tablet=\u00a0\u00bb|||\u00a0\u00bb custom_margin_phone=\u00a0\u00bb|||\u00a0\u00bb custom_margin_last_edited=\u00a0\u00bbon|tablet\u00a0\u00bb custom_padding=\u00a0\u00bb|||10%\u00a0\u00bb custom_padding_tablet=\u00a0\u00bb|10%||\u00a0\u00bb custom_padding_phone=\u00a0\u00bb|60px||60px\u00a0\u00bb custom_padding_last_edited=\u00a0\u00bbon|phone\u00a0\u00bb header_font_size_tablet=\u00a0\u00bb\u00a0\u00bb header_font_size_phone=\u00a0\u00bb40px\u00a0\u00bb header_font_size_last_edited=\u00a0\u00bbon|phone\u00a0\u00bb header_text_shadow_style=\u00a0\u00bbpreset2&Prime; button_border_radius_hover=\u00a0\u00bb0px\u00a0\u00bb global_colors_info=\u00a0\u00bb{}\u00a0\u00bb button_text_size__hover_enabled=\u00a0\u00bboff\u00a0\u00bb button_one_text_size__hover_enabled=\u00a0\u00bboff\u00a0\u00bb button_two_text_size__hover_enabled=\u00a0\u00bboff\u00a0\u00bb button_text_color__hover_enabled=\u00a0\u00bboff\u00a0\u00bb button_one_text_color__hover_enabled=\u00a0\u00bboff\u00a0\u00bb button_two_text_color__hover_enabled=\u00a0\u00bboff\u00a0\u00bb button_border_width__hover_enabled=\u00a0\u00bboff\u00a0\u00bb button_one_border_width__hover_enabled=\u00a0\u00bboff\u00a0\u00bb button_two_border_width__hover_enabled=\u00a0\u00bboff\u00a0\u00bb button_border_color__hover_enabled=\u00a0\u00bboff\u00a0\u00bb button_one_border_color__hover_enabled=\u00a0\u00bboff\u00a0\u00bb button_two_border_color__hover_enabled=\u00a0\u00bboff\u00a0\u00bb button_border_radius__hover_enabled=\u00a0\u00bbon\u00a0\u00bb button_border_radius__hover=\u00a0\u00bb0px\u00a0\u00bb button_one_border_radius__hover_enabled=\u00a0\u00bboff\u00a0\u00bb button_two_border_radius__hover_enabled=\u00a0\u00bboff\u00a0\u00bb button_letter_spacing__hover_enabled=\u00a0\u00bboff\u00a0\u00bb button_one_letter_spacing__hover_enabled=\u00a0\u00bboff\u00a0\u00bb button_two_letter_spacing__hover_enabled=\u00a0\u00bboff\u00a0\u00bb button_bg_color__hover_enabled=\u00a0\u00bboff\u00a0\u00bb button_one_bg_color__hover_enabled=\u00a0\u00bboff\u00a0\u00bb button_two_bg_color__hover_enabled=\u00a0\u00bboff\u00a0\u00bb]<p data-start=\"1812\" data-end=\"2176\">L\u2019un des atouts majeurs de la <strong data-start=\"1842\" data-end=\"1877\">paroi fixe de douche sur mesure<\/strong> r\u00e9side dans sa <strong data-start=\"1893\" data-end=\"1933\">capacit\u00e9 \u00e0 laisser passer la lumi\u00e8re<\/strong>. Contrairement aux rideaux ou portes coulissantes opaques, elle cr\u00e9e un espace ouvert et lumineux.<br data-start=\"2032\" data-end=\"2035\" \/>Pour plus de praticit\u00e9, il est possible d\u2019ajouter des <strong data-start=\"2089\" data-end=\"2122\">\u00e9tag\u00e8res de douche \u00e0 ventouse<\/strong>, qui se fixent directement sur la paroi sans per\u00e7age.<\/p>\n<p data-start=\"1812\" data-end=\"2176\">\n<h3 data-start=\"2178\" data-end=\"2214\"><strong data-start=\"2183\" data-end=\"2212\"><\/strong><\/h3>\n<h3 data-start=\"2178\" data-end=\"2214\"><strong data-start=\"2183\" data-end=\"2212\">Les mat\u00e9riaux disponibles<\/strong><\/h3>\n<p><strong data-start=\"2183\" data-end=\"2212\"><\/strong><\/p>\n<ul data-start=\"2215\" data-end=\"2518\">\n<li data-start=\"2215\" data-end=\"2279\">\n<p data-start=\"2217\" data-end=\"2279\"><strong data-start=\"2217\" data-end=\"2233\">Verre tremp\u00e9<\/strong> : r\u00e9sistant, design et facile \u00e0 entretenir.<\/p>\n<\/li>\n<li data-start=\"2280\" data-end=\"2400\">\n<p data-start=\"2282\" data-end=\"2400\"><strong data-start=\"2282\" data-end=\"2301\">Brique de verre<\/strong> : id\u00e9ale pour un effet tendance et une diffusion douce de la lumi\u00e8re, mais un peu plus on\u00e9reuse.<\/p>\n<\/li>\n<li data-start=\"2401\" data-end=\"2518\">\n<p data-start=\"2403\" data-end=\"2518\"><strong data-start=\"2403\" data-end=\"2429\">Plexiglas ou acrylique<\/strong> : une alternative plus \u00e9conomique, adapt\u00e9e aux budgets serr\u00e9s ou aux projets locatifs.<\/p>\n<\/li>\n<\/ul>[\/et_pb_cta][\/et_pb_column][et_pb_column type=\u00a0\u00bb1_2&Prime; _builder_version=\u00a0\u00bb4.16&Prime; custom_padding=\u00a0\u00bb|||\u00a0\u00bb global_colors_info=\u00a0\u00bb{}\u00a0\u00bb custom_padding__hover=\u00a0\u00bb|||\u00a0\u00bb][et_pb_image src=\u00a0\u00bbhttps:\/\/blog.carrelage-et-salle-de-bains.com\/wp-content\/uploads\/2025\/10\/klee-kl2020-cuivre-transparent-profiltek.jpg\u00a0\u00bb title_text=\u00a0\u00bbklee-kl2020-cuivre-transparent-profiltek\u00a0\u00bb force_fullwidth=\u00a0\u00bbon\u00a0\u00bb align_tablet=\u00a0\u00bbcenter\u00a0\u00bb align_phone=\u00a0\u00bbcenter\u00a0\u00bb align_last_edited=\u00a0\u00bbon|desktop\u00a0\u00bb _builder_version=\u00a0\u00bb4.27.4&Prime; custom_margin=\u00a0\u00bb90px|||0px|false|false\u00a0\u00bb custom_padding=\u00a0\u00bb|20px|||false|false\u00a0\u00bb border_width_all=\u00a0\u00bb5px\u00a0\u00bb global_colors_info=\u00a0\u00bb{}\u00a0\u00bb][\/et_pb_image][et_pb_image src=\u00a0\u00bbhttps:\/\/blog.carrelage-et-salle-de-bains.com\/wp-content\/uploads\/2025\/10\/Capture-decran-2025-10-06-a-18.02.37.png\u00a0\u00bb title_text=\u00a0\u00bbCapture d\u2019e\u0301cran 2025-10-06 a\u0300 18.02.37&Prime; force_fullwidth=\u00a0\u00bbon\u00a0\u00bb align_tablet=\u00a0\u00bbcenter\u00a0\u00bb align_phone=\u00a0\u00bbcenter\u00a0\u00bb align_last_edited=\u00a0\u00bbon|desktop\u00a0\u00bb _builder_version=\u00a0\u00bb4.27.4&Prime; custom_margin=\u00a0\u00bb150px|||0px|false|false\u00a0\u00bb custom_padding=\u00a0\u00bb|20px|||false|false\u00a0\u00bb border_width_all=\u00a0\u00bb5px\u00a0\u00bb global_colors_info=\u00a0\u00bb{}\u00a0\u00bb][\/et_pb_image][\/et_pb_column][\/et_pb_row][\/et_pb_section][et_pb_section fb_built=\u00a0\u00bb1&Prime; admin_label=\u00a0\u00bbOur Works CTA Section\u00a0\u00bb _builder_version=\u00a0\u00bb4.27.4&Prime; background_color=\u00a0\u00bb#1a1a1a\u00a0\u00bb background_color_gradient_stops=\u00a0\u00bb#ffffff 44%|rgba(255,255,255,0) 80%\u00a0\u00bb custom_padding=\u00a0\u00bb54px|0px|0px|0px\u00a0\u00bb global_colors_info=\u00a0\u00bb{}\u00a0\u00bb][et_pb_row column_structure=\u00a0\u00bb1_2,1_2&Prime; admin_label=\u00a0\u00bbTexts Row\u00a0\u00bb _builder_version=\u00a0\u00bb4.16&Prime; custom_margin=\u00a0\u00bb|||\u00a0\u00bb custom_padding=\u00a0\u00bb|||\u00a0\u00bb global_colors_info=\u00a0\u00bb{}\u00a0\u00bb][et_pb_column type=\u00a0\u00bb1_2&Prime; _builder_version=\u00a0\u00bb4.16&Prime; custom_padding=\u00a0\u00bb|||\u00a0\u00bb global_colors_info=\u00a0\u00bb{}\u00a0\u00bb custom_padding__hover=\u00a0\u00bb|||\u00a0\u00bb][et_pb_text admin_label=\u00a0\u00bbTitle\u00a0\u00bb _builder_version=\u00a0\u00bb4.27.4&Prime; text_font=\u00a0\u00bb|600|||||||\u00a0\u00bb text_text_color=\u00a0\u00bb#000000&Prime; text_font_size=\u00a0\u00bb18px\u00a0\u00bb header_font=\u00a0\u00bb||||||||\u00a0\u00bb header_text_color=\u00a0\u00bb#000000&Prime; header_2_font=\u00a0\u00bb|700|||||||\u00a0\u00bb header_2_text_color=\u00a0\u00bb#000000&Prime; header_2_font_size=\u00a0\u00bb50px\u00a0\u00bb header_2_line_height=\u00a0\u00bb1.4em\u00a0\u00bb max_width_last_edited=\u00a0\u00bboff|desktop\u00a0\u00bb custom_margin=\u00a0\u00bb|||\u00a0\u00bb custom_padding=\u00a0\u00bb|||\u00a0\u00bb custom_padding_last_edited=\u00a0\u00bboff|desktop\u00a0\u00bb text_text_shadow_style=\u00a0\u00bbpreset2&Prime; text_text_shadow_blur_strength=\u00a0\u00bb1.2em\u00a0\u00bb text_text_shadow_color=\u00a0\u00bb#000000&Prime; header_2_text_shadow_style=\u00a0\u00bbpreset3&Prime; header_2_text_shadow_color=\u00a0\u00bb#FFFFFF\u00a0\u00bb global_colors_info=\u00a0\u00bb{}\u00a0\u00bb]<h2 data-start=\"2525\" data-end=\"2584\"><strong data-start=\"2529\" data-end=\"2584\">Comment poser une paroi fixe de douche sur mesure ?<\/strong><\/h2>\n<p data-start=\"2586\" data-end=\"2807\">[\/et_pb_text][\/et_pb_column][et_pb_column type=\u00a0\u00bb1_2&Prime; _builder_version=\u00a0\u00bb4.16&Prime; custom_padding=\u00a0\u00bb|||\u00a0\u00bb global_colors_info=\u00a0\u00bb{}\u00a0\u00bb custom_padding__hover=\u00a0\u00bb|||\u00a0\u00bb][et_pb_text admin_label=\u00a0\u00bbParagraph\u00a0\u00bb _builder_version=\u00a0\u00bb4.27.4&Prime; text_font=\u00a0\u00bb|600|||||||\u00a0\u00bb text_text_color=\u00a0\u00bb#000000&Prime; text_font_size=\u00a0\u00bb18px\u00a0\u00bb text_line_height=\u00a0\u00bb1.8em\u00a0\u00bb header_font=\u00a0\u00bb||||||||\u00a0\u00bb header_text_color=\u00a0\u00bb#000000&Prime; header_2_font=\u00a0\u00bb|700|||||||\u00a0\u00bb header_2_text_color=\u00a0\u00bb#FFFFFF\u00a0\u00bb header_2_font_size=\u00a0\u00bb50px\u00a0\u00bb header_2_line_height=\u00a0\u00bb1.4em\u00a0\u00bb header_3_text_color=\u00a0\u00bb#FFFFFF\u00a0\u00bb header_4_text_color=\u00a0\u00bb#000000&Prime; max_width_last_edited=\u00a0\u00bboff|desktop\u00a0\u00bb custom_margin=\u00a0\u00bb|||\u00a0\u00bb custom_padding=\u00a0\u00bb20px|||\u00a0\u00bb custom_padding_last_edited=\u00a0\u00bboff|desktop\u00a0\u00bb global_colors_info=\u00a0\u00bb{}\u00a0\u00bb]<p data-start=\"2586\" data-end=\"2807\">Bien que certains bricoleurs exp\u00e9riment\u00e9s puissent tenter l\u2019installation, il est <strong data-start=\"2667\" data-end=\"2725\">fortement recommand\u00e9 de faire appel \u00e0 un professionnel<\/strong>. Une mauvaise pose peut compromettre l\u2019\u00e9tanch\u00e9it\u00e9 et la durabilit\u00e9 du dispositif.<\/p>\n<h4 data-start=\"2809\" data-end=\"2849\"><strong data-start=\"2814\" data-end=\"2847\">\u00c9tapes principales de la pose<\/strong><\/h4>\n<ol data-start=\"2850\" data-end=\"3111\">\n<li data-start=\"2850\" data-end=\"2902\">\n<p data-start=\"2853\" data-end=\"2902\"><strong data-start=\"2853\" data-end=\"2873\">Mesurer l\u2019espace<\/strong> disponible avec pr\u00e9cision.<\/p>\n<\/li>\n<li data-start=\"2903\" data-end=\"2979\">\n<p data-start=\"2906\" data-end=\"2979\"><strong data-start=\"2906\" data-end=\"2927\">Choisir le mod\u00e8le<\/strong> adapt\u00e9 (dimensions, \u00e9paisseur, type de fixation).<\/p>\n<\/li>\n<li data-start=\"2980\" data-end=\"3028\">\n<p data-start=\"2983\" data-end=\"3028\"><strong data-start=\"2983\" data-end=\"3009\">Fixer le profil\u00e9 mural<\/strong> selon le niveau.<\/p>\n<\/li>\n<li data-start=\"3029\" data-end=\"3111\">\n<p data-start=\"3032\" data-end=\"3111\"><strong data-start=\"3032\" data-end=\"3054\">Installer la paroi<\/strong> et assurer l\u2019\u00e9tanch\u00e9it\u00e9 avec un joint silicone adapt\u00e9.<\/p>\n<\/li>\n<\/ol>\n<p data-start=\"3113\" data-end=\"3253\">Le sur mesure permet \u00e9galement d\u2019opter pour une <strong data-start=\"3161\" data-end=\"3182\">petite paroi fixe<\/strong>, id\u00e9ale dans les <strong data-start=\"3200\" data-end=\"3224\">petites salles d\u2019eau<\/strong> o\u00f9 chaque centim\u00e8tre compte.<\/p>[\/et_pb_text][\/et_pb_column][\/et_pb_row][et_pb_row admin_label=\u00a0\u00bbImage Row\u00a0\u00bb _builder_version=\u00a0\u00bb4.16&Prime; width=\u00a0\u00bb100%\u00a0\u00bb max_width=\u00a0\u00bb100%\u00a0\u00bb custom_padding=\u00a0\u00bb|10%|0px|\u00a0\u00bb use_custom_width=\u00a0\u00bbon\u00a0\u00bb width_unit=\u00a0\u00bboff\u00a0\u00bb custom_width_percent=\u00a0\u00bb100%\u00a0\u00bb global_colors_info=\u00a0\u00bb{}\u00a0\u00bb][et_pb_column type=\u00a0\u00bb4_4&Prime; _builder_version=\u00a0\u00bb4.16&Prime; custom_padding=\u00a0\u00bb|||\u00a0\u00bb global_colors_info=\u00a0\u00bb{}\u00a0\u00bb custom_padding__hover=\u00a0\u00bb|||\u00a0\u00bb][et_pb_image src=\u00a0\u00bbhttps:\/\/blog.carrelage-et-salle-de-bains.com\/wp-content\/uploads\/2025\/10\/mampara-textura-imagik-04.jpg\u00a0\u00bb title_text=\u00a0\u00bbmampara-textura-imagik-04&Prime; force_fullwidth=\u00a0\u00bbon\u00a0\u00bb _builder_version=\u00a0\u00bb4.27.4&Prime; module_alignment=\u00a0\u00bbleft\u00a0\u00bb border_width_all=\u00a0\u00bb5px\u00a0\u00bb always_center_on_mobile=\u00a0\u00bboff\u00a0\u00bb global_colors_info=\u00a0\u00bb{}\u00a0\u00bb][\/et_pb_image][\/et_pb_column][\/et_pb_row][\/et_pb_section][et_pb_section fb_built=\u00a0\u00bb1&Prime; admin_label=\u00a0\u00bbTestimonial Section\u00a0\u00bb _builder_version=\u00a0\u00bb4.16&Prime; custom_padding=\u00a0\u00bb0px||0px|\u00a0\u00bb global_colors_info=\u00a0\u00bb{}\u00a0\u00bb][et_pb_row column_structure=\u00a0\u00bb1_2,1_2&Prime; use_custom_gutter=\u00a0\u00bbon\u00a0\u00bb gutter_width=\u00a0\u00bb1&Prime; make_equal=\u00a0\u00bbon\u00a0\u00bb custom_padding_last_edited=\u00a0\u00bbon|phone\u00a0\u00bb admin_label=\u00a0\u00bbTestimonial Row\u00a0\u00bb _builder_version=\u00a0\u00bb4.27.4&Prime; width=\u00a0\u00bb97.9%\u00a0\u00bb max_width=\u00a0\u00bb100%\u00a0\u00bb custom_margin=\u00a0\u00bb|||\u00a0\u00bb custom_padding=\u00a0\u00bb0px|10%|0px|0%||\u00a0\u00bb custom_padding_tablet=\u00a0\u00bb|||10%\u00a0\u00bb custom_padding_phone=\u00a0\u00bb\u00a0\u00bb use_custom_width=\u00a0\u00bbon\u00a0\u00bb width_unit=\u00a0\u00bboff\u00a0\u00bb custom_width_percent=\u00a0\u00bb100%\u00a0\u00bb global_colors_info=\u00a0\u00bb{}\u00a0\u00bb][et_pb_column type=\u00a0\u00bb1_2&Prime; _builder_version=\u00a0\u00bb4.27.4&Prime; background_image=\u00a0\u00bbhttps:\/\/blog.carrelage-et-salle-de-bains.com\/wp-content\/uploads\/2025\/10\/twin-profiltek-ducha-medida-acabado-negro.jpg\u00a0\u00bb custom_padding=\u00a0\u00bb|||\u00a0\u00bb global_colors_info=\u00a0\u00bb{}\u00a0\u00bb custom_padding__hover=\u00a0\u00bb|||\u00a0\u00bb][et_pb_divider show_divider=\u00a0\u00bboff\u00a0\u00bb _builder_version=\u00a0\u00bb4.27.4&Prime; width=\u00a0\u00bb100%\u00a0\u00bb height=\u00a0\u00bb200px\u00a0\u00bb global_colors_info=\u00a0\u00bb{}\u00a0\u00bb][\/et_pb_divider][\/et_pb_column][et_pb_column type=\u00a0\u00bb1_2&Prime; _builder_version=\u00a0\u00bb4.27.4&Prime; background_color=\u00a0\u00bb#8300E9&Prime; custom_padding=\u00a0\u00bb|||\u00a0\u00bb global_colors_info=\u00a0\u00bb{}\u00a0\u00bb custom_padding__hover=\u00a0\u00bb|||\u00a0\u00bb][et_pb_testimonial quote_icon=\u00a0\u00bboff\u00a0\u00bb portrait_width=\u00a0\u00bb60px\u00a0\u00bb portrait_height=\u00a0\u00bb60px\u00a0\u00bb _builder_version=\u00a0\u00bb4.27.4&Prime; body_font=\u00a0\u00bb|600|||||||\u00a0\u00bb body_font_size=\u00a0\u00bb20px\u00a0\u00bb position_font_size=\u00a0\u00bb13px\u00a0\u00bb background_color=\u00a0\u00bb#8300E9&Prime; background_layout=\u00a0\u00bbdark\u00a0\u00bb width=\u00a0\u00bb93.7%\u00a0\u00bb module_alignment=\u00a0\u00bbleft\u00a0\u00bb custom_padding=\u00a0\u00bb80px||80px|\u00a0\u00bb border_color_all=\u00a0\u00bb#8300E9&Prime; global_colors_info=\u00a0\u00bb{}\u00a0\u00bb]<h2>Conclusion<\/h2>\n<p>&nbsp;<\/p>\n<p data-start=\"3280\" data-end=\"3620\">Investir dans une <strong data-start=\"3298\" data-end=\"3333\">paroi fixe de douche sur mesure<\/strong> est un choix judicieux pour moderniser votre salle de bain. Design, praticit\u00e9 et luminosit\u00e9 : elle coche toutes les cases d\u2019un espace moderne et fonctionnel. En confiant son installation \u00e0 un professionnel, vous b\u00e9n\u00e9ficiez d\u2019un r\u00e9sultat durable et parfaitement adapt\u00e9 \u00e0 votre int\u00e9rieur.<\/p>[\/et_pb_testimonial][\/et_pb_column][\/et_pb_row][\/et_pb_section][et_pb_section fb_built=\u00a0\u00bb1&Prime; admin_label=\u00a0\u00bbBlog Section\u00a0\u00bb _builder_version=\u00a0\u00bb4.16&Prime; background_position=\u00a0\u00bbtop_center\u00a0\u00bb custom_padding=\u00a0\u00bb100px|0px|100px|0px\u00a0\u00bb global_colors_info=\u00a0\u00bb{}\u00a0\u00bb][et_pb_row admin_label=\u00a0\u00bbTitle Row\u00a0\u00bb _builder_version=\u00a0\u00bb4.16&Prime; global_colors_info=\u00a0\u00bb{}\u00a0\u00bb][et_pb_column type=\u00a0\u00bb4_4&Prime; _builder_version=\u00a0\u00bb4.16&Prime; custom_padding=\u00a0\u00bb|||\u00a0\u00bb global_colors_info=\u00a0\u00bb{}\u00a0\u00bb custom_padding__hover=\u00a0\u00bb|||\u00a0\u00bb][\/et_pb_column][\/et_pb_row][et_pb_row admin_label=\u00a0\u00bbBlog Posts Row\u00a0\u00bb _builder_version=\u00a0\u00bb4.16&Prime; global_colors_info=\u00a0\u00bb{}\u00a0\u00bb][et_pb_column type=\u00a0\u00bb4_4&Prime; _builder_version=\u00a0\u00bb4.16&Prime; custom_padding=\u00a0\u00bb|||\u00a0\u00bb global_colors_info=\u00a0\u00bb{}\u00a0\u00bb custom_padding__hover=\u00a0\u00bb|||\u00a0\u00bb][\/et_pb_column][\/et_pb_row][\/et_pb_section]\n","protected":false},"excerpt":{"rendered":"<p>D\u00e9couvrez les avantages d\u2019une paroi fixe de douche sur mesure : design, luminosit\u00e9 et praticit\u00e9. Conseils d\u2019achat et d\u2019installation pour votre salle de bain.Introduction Vous envisagez des travaux de r\u00e9novation dans votre salle de bain ? Changer ou moderniser votre douche ? Opter pour une paroi fixe de douche sur mesure est une excellente id\u00e9e. [&hellip;]<\/p>\n","protected":false},"author":1,"featured_media":0,"comment_status":"open","ping_status":"open","sticky":false,"template":"","format":"standard","meta":{"_et_pb_use_builder":"on","_et_pb_old_content":"","_et_gb_content_width":"","footnotes":""},"categories":[12,13],"tags":[43,48,44,49,41,46,45,40,47,42],"class_list":["post-241","post","type-post","status-publish","format-standard","hentry","category-inspiration-et-tendances","category-style-salle-de-bains","tag-douche-moderne","tag-douche-sur-mesure","tag-installation-douche","tag-paroi-de-douche-a-litalienne-fixe","tag-paroi-de-douche-sur-mesure","tag-paroi-en-verre","tag-paroi-fixe","tag-paroi-fixe-de-douche","tag-renovation-salle-de-bain","tag-salle-deau"],"yoast_head":"<!-- This site is optimized with the Yoast SEO plugin v26.8 - https:\/\/yoast.com\/product\/yoast-seo-wordpress\/ -->\n<title>Paroi \u00e0 l&#039;italienne fixe de douche sur mesure<\/title>\n<meta name=\"description\" content=\"D\u00e9couvrez les avantages d\u2019une paroi \u00e0 l&#039;italienne fixe de douche sur mesure : design, luminosit\u00e9, confort et installation professionnelle.\" \/>\n<meta name=\"robots\" content=\"index, follow, max-snippet:-1, max-image-preview:large, max-video-preview:-1\" \/>\n<link rel=\"canonical\" href=\"https:\/\/blog.carrelage-et-salle-de-bains.com\/index.php\/2025\/10\/08\/avantages-paroi-a-l-italienne-fixe-de-douche\/\" \/>\n<meta property=\"og:locale\" content=\"fr_FR\" \/>\n<meta property=\"og:type\" content=\"article\" \/>\n<meta property=\"og:title\" content=\"Paroi \u00e0 l&#039;italienne fixe de douche sur mesure\" \/>\n<meta property=\"og:description\" content=\"D\u00e9couvrez les avantages d\u2019une paroi \u00e0 l&#039;italienne fixe de douche sur mesure : design, luminosit\u00e9, confort et installation professionnelle.\" \/>\n<meta property=\"og:url\" content=\"https:\/\/blog.carrelage-et-salle-de-bains.com\/index.php\/2025\/10\/08\/avantages-paroi-a-l-italienne-fixe-de-douche\/\" \/>\n<meta property=\"og:site_name\" content=\"Blog Carrelage et Salle de Bains\" \/>\n<meta property=\"article:publisher\" content=\"https:\/\/www.facebook.com\/share\/19vqGrpstz\/?mibextid=wwXIfr\" \/>\n<meta property=\"article:published_time\" content=\"2025-10-08T12:57:59+00:00\" \/>\n<meta property=\"article:modified_time\" content=\"2025-10-08T13:21:35+00:00\" \/>\n<meta property=\"og:image\" content=\"https:\/\/blog.carrelage-et-salle-de-bains.com\/wp-content\/uploads\/2025\/10\/cropped-Capture-decran-2025-10-01-a-18.47.47.png\" \/>\n\t<meta property=\"og:image:width\" content=\"512\" \/>\n\t<meta property=\"og:image:height\" content=\"512\" \/>\n\t<meta property=\"og:image:type\" content=\"image\/png\" \/>\n<meta name=\"author\" content=\"Camille\" \/>\n<meta name=\"twitter:card\" content=\"summary_large_image\" \/>\n<meta name=\"twitter:label1\" content=\"\u00c9crit par\" \/>\n\t<meta name=\"twitter:data1\" content=\"Camille\" \/>\n\t<meta name=\"twitter:label2\" content=\"Dur\u00e9e de lecture estim\u00e9e\" \/>\n\t<meta name=\"twitter:data2\" content=\"4 minutes\" \/>\n<script type=\"application\/ld+json\" class=\"yoast-schema-graph\">{\"@context\":\"https:\/\/schema.org\",\"@graph\":[{\"@type\":\"Article\",\"@id\":\"https:\/\/blog.carrelage-et-salle-de-bains.com\/index.php\/2025\/10\/08\/avantages-paroi-a-l-italienne-fixe-de-douche\/#article\",\"isPartOf\":{\"@id\":\"https:\/\/blog.carrelage-et-salle-de-bains.com\/index.php\/2025\/10\/08\/avantages-paroi-a-l-italienne-fixe-de-douche\/\"},\"author\":{\"name\":\"Camille\",\"@id\":\"https:\/\/blog.carrelage-et-salle-de-bains.com\/#\/schema\/person\/0c597b7a58979bc1a4228f21cbad7a61\"},\"headline\":\"Paroi \u00e0 l&rsquo;italienne fixe de douche sur mesure : la solution moderne et esth\u00e9tique pour votre salle de bain\",\"datePublished\":\"2025-10-08T12:57:59+00:00\",\"dateModified\":\"2025-10-08T13:21:35+00:00\",\"mainEntityOfPage\":{\"@id\":\"https:\/\/blog.carrelage-et-salle-de-bains.com\/index.php\/2025\/10\/08\/avantages-paroi-a-l-italienne-fixe-de-douche\/\"},\"wordCount\":2737,\"commentCount\":0,\"publisher\":{\"@id\":\"https:\/\/blog.carrelage-et-salle-de-bains.com\/#organization\"},\"keywords\":[\"douche moderne\",\"douche sur mesure\",\"installation douche\",\"Paroi de douche \u00e0 l'italienne fixe\",\"paroi de douche sur mesure\",\"paroi en verre\",\"paroi fixe\",\"paroi fixe de douche\",\"r\u00e9novation salle de bain\",\"salle d\u2019eau\"],\"articleSection\":[\"Inspiration et tendances\",\"Style\"],\"inLanguage\":\"fr-FR\",\"potentialAction\":[{\"@type\":\"CommentAction\",\"name\":\"Comment\",\"target\":[\"https:\/\/blog.carrelage-et-salle-de-bains.com\/index.php\/2025\/10\/08\/avantages-paroi-a-l-italienne-fixe-de-douche\/#respond\"]}]},{\"@type\":\"WebPage\",\"@id\":\"https:\/\/blog.carrelage-et-salle-de-bains.com\/index.php\/2025\/10\/08\/avantages-paroi-a-l-italienne-fixe-de-douche\/\",\"url\":\"https:\/\/blog.carrelage-et-salle-de-bains.com\/index.php\/2025\/10\/08\/avantages-paroi-a-l-italienne-fixe-de-douche\/\",\"name\":\"Paroi \u00e0 l'italienne fixe de douche sur mesure\",\"isPartOf\":{\"@id\":\"https:\/\/blog.carrelage-et-salle-de-bains.com\/#website\"},\"datePublished\":\"2025-10-08T12:57:59+00:00\",\"dateModified\":\"2025-10-08T13:21:35+00:00\",\"description\":\"D\u00e9couvrez les avantages d\u2019une paroi \u00e0 l'italienne fixe de douche sur mesure : design, luminosit\u00e9, confort et installation professionnelle.\",\"breadcrumb\":{\"@id\":\"https:\/\/blog.carrelage-et-salle-de-bains.com\/index.php\/2025\/10\/08\/avantages-paroi-a-l-italienne-fixe-de-douche\/#breadcrumb\"},\"inLanguage\":\"fr-FR\",\"potentialAction\":[{\"@type\":\"ReadAction\",\"target\":[\"https:\/\/blog.carrelage-et-salle-de-bains.com\/index.php\/2025\/10\/08\/avantages-paroi-a-l-italienne-fixe-de-douche\/\"]}]},{\"@type\":\"BreadcrumbList\",\"@id\":\"https:\/\/blog.carrelage-et-salle-de-bains.com\/index.php\/2025\/10\/08\/avantages-paroi-a-l-italienne-fixe-de-douche\/#breadcrumb\",\"itemListElement\":[{\"@type\":\"ListItem\",\"position\":1,\"name\":\"Accueil\",\"item\":\"https:\/\/blog.carrelage-et-salle-de-bains.com\/\"},{\"@type\":\"ListItem\",\"position\":2,\"name\":\"Paroi \u00e0 l&rsquo;italienne fixe de douche sur mesure : la solution moderne et esth\u00e9tique pour votre salle de bain\"}]},{\"@type\":\"WebSite\",\"@id\":\"https:\/\/blog.carrelage-et-salle-de-bains.com\/#website\",\"url\":\"https:\/\/blog.carrelage-et-salle-de-bains.com\/\",\"name\":\"Blog Carrelage et Salle de Bains\",\"description\":\"\",\"publisher\":{\"@id\":\"https:\/\/blog.carrelage-et-salle-de-bains.com\/#organization\"},\"alternateName\":\"Carrelage et Salle de Bains\",\"potentialAction\":[{\"@type\":\"SearchAction\",\"target\":{\"@type\":\"EntryPoint\",\"urlTemplate\":\"https:\/\/blog.carrelage-et-salle-de-bains.com\/?s={search_term_string}\"},\"query-input\":{\"@type\":\"PropertyValueSpecification\",\"valueRequired\":true,\"valueName\":\"search_term_string\"}}],\"inLanguage\":\"fr-FR\"},{\"@type\":\"Organization\",\"@id\":\"https:\/\/blog.carrelage-et-salle-de-bains.com\/#organization\",\"name\":\"Blog Carrelage et Salle de Bains\",\"url\":\"https:\/\/blog.carrelage-et-salle-de-bains.com\/\",\"logo\":{\"@type\":\"ImageObject\",\"inLanguage\":\"fr-FR\",\"@id\":\"https:\/\/blog.carrelage-et-salle-de-bains.com\/#\/schema\/logo\/image\/\",\"url\":\"https:\/\/blog.carrelage-et-salle-de-bains.com\/wp-content\/uploads\/2025\/09\/Capture-decran-2025-09-30-a-18.34.29.png\",\"contentUrl\":\"https:\/\/blog.carrelage-et-salle-de-bains.com\/wp-content\/uploads\/2025\/09\/Capture-decran-2025-09-30-a-18.34.29.png\",\"width\":924,\"height\":274,\"caption\":\"Blog Carrelage et Salle de Bains\"},\"image\":{\"@id\":\"https:\/\/blog.carrelage-et-salle-de-bains.com\/#\/schema\/logo\/image\/\"},\"sameAs\":[\"https:\/\/www.facebook.com\/share\/19vqGrpstz\/?mibextid=wwXIfr\",\"https:\/\/www.youtube.com\/@carrelage-et-salle-de-bains\",\"https:\/\/www.instagram.com\/carrelageetsalledebain?igsh=MWtocXVwdTRvd3RtaQ==\"]},{\"@type\":\"Person\",\"@id\":\"https:\/\/blog.carrelage-et-salle-de-bains.com\/#\/schema\/person\/0c597b7a58979bc1a4228f21cbad7a61\",\"name\":\"Camille\",\"image\":{\"@type\":\"ImageObject\",\"inLanguage\":\"fr-FR\",\"@id\":\"https:\/\/blog.carrelage-et-salle-de-bains.com\/#\/schema\/person\/image\/\",\"url\":\"https:\/\/secure.gravatar.com\/avatar\/6616e0439338e10eadb751e7c4187a1c15cbe783a45f05cc4fc546f879526173?s=96&d=mm&r=g\",\"contentUrl\":\"https:\/\/secure.gravatar.com\/avatar\/6616e0439338e10eadb751e7c4187a1c15cbe783a45f05cc4fc546f879526173?s=96&d=mm&r=g\",\"caption\":\"Camille\"},\"sameAs\":[\"https:\/\/blog.carrelage-et-salle-de-bains.com\"],\"url\":\"https:\/\/blog.carrelage-et-salle-de-bains.com\/index.php\/author\/camilleadmincsdb\/\"}]}<\/script>\n<!-- \/ Yoast SEO plugin. -->","yoast_head_json":{"title":"Paroi \u00e0 l'italienne fixe de douche sur mesure","description":"D\u00e9couvrez les avantages d\u2019une paroi \u00e0 l'italienne fixe de douche sur mesure : design, luminosit\u00e9, confort et installation professionnelle.","robots":{"index":"index","follow":"follow","max-snippet":"max-snippet:-1","max-image-preview":"max-image-preview:large","max-video-preview":"max-video-preview:-1"},"canonical":"https:\/\/blog.carrelage-et-salle-de-bains.com\/index.php\/2025\/10\/08\/avantages-paroi-a-l-italienne-fixe-de-douche\/","og_locale":"fr_FR","og_type":"article","og_title":"Paroi \u00e0 l'italienne fixe de douche sur mesure","og_description":"D\u00e9couvrez les avantages d\u2019une paroi \u00e0 l'italienne fixe de douche sur mesure : design, luminosit\u00e9, confort et installation professionnelle.","og_url":"https:\/\/blog.carrelage-et-salle-de-bains.com\/index.php\/2025\/10\/08\/avantages-paroi-a-l-italienne-fixe-de-douche\/","og_site_name":"Blog Carrelage et Salle de Bains","article_publisher":"https:\/\/www.facebook.com\/share\/19vqGrpstz\/?mibextid=wwXIfr","article_published_time":"2025-10-08T12:57:59+00:00","article_modified_time":"2025-10-08T13:21:35+00:00","og_image":[{"width":512,"height":512,"url":"https:\/\/blog.carrelage-et-salle-de-bains.com\/wp-content\/uploads\/2025\/10\/cropped-Capture-decran-2025-10-01-a-18.47.47.png","type":"image\/png"}],"author":"Camille","twitter_card":"summary_large_image","twitter_misc":{"\u00c9crit par":"Camille","Dur\u00e9e de lecture estim\u00e9e":"4 minutes"},"schema":{"@context":"https:\/\/schema.org","@graph":[{"@type":"Article","@id":"https:\/\/blog.carrelage-et-salle-de-bains.com\/index.php\/2025\/10\/08\/avantages-paroi-a-l-italienne-fixe-de-douche\/#article","isPartOf":{"@id":"https:\/\/blog.carrelage-et-salle-de-bains.com\/index.php\/2025\/10\/08\/avantages-paroi-a-l-italienne-fixe-de-douche\/"},"author":{"name":"Camille","@id":"https:\/\/blog.carrelage-et-salle-de-bains.com\/#\/schema\/person\/0c597b7a58979bc1a4228f21cbad7a61"},"headline":"Paroi \u00e0 l&rsquo;italienne fixe de douche sur mesure : la solution moderne et esth\u00e9tique pour votre salle de bain","datePublished":"2025-10-08T12:57:59+00:00","dateModified":"2025-10-08T13:21:35+00:00","mainEntityOfPage":{"@id":"https:\/\/blog.carrelage-et-salle-de-bains.com\/index.php\/2025\/10\/08\/avantages-paroi-a-l-italienne-fixe-de-douche\/"},"wordCount":2737,"commentCount":0,"publisher":{"@id":"https:\/\/blog.carrelage-et-salle-de-bains.com\/#organization"},"keywords":["douche moderne","douche sur mesure","installation douche","Paroi de douche \u00e0 l'italienne fixe","paroi de douche sur mesure","paroi en verre","paroi fixe","paroi fixe de douche","r\u00e9novation salle de bain","salle d\u2019eau"],"articleSection":["Inspiration et tendances","Style"],"inLanguage":"fr-FR","potentialAction":[{"@type":"CommentAction","name":"Comment","target":["https:\/\/blog.carrelage-et-salle-de-bains.com\/index.php\/2025\/10\/08\/avantages-paroi-a-l-italienne-fixe-de-douche\/#respond"]}]},{"@type":"WebPage","@id":"https:\/\/blog.carrelage-et-salle-de-bains.com\/index.php\/2025\/10\/08\/avantages-paroi-a-l-italienne-fixe-de-douche\/","url":"https:\/\/blog.carrelage-et-salle-de-bains.com\/index.php\/2025\/10\/08\/avantages-paroi-a-l-italienne-fixe-de-douche\/","name":"Paroi \u00e0 l'italienne fixe de douche sur mesure","isPartOf":{"@id":"https:\/\/blog.carrelage-et-salle-de-bains.com\/#website"},"datePublished":"2025-10-08T12:57:59+00:00","dateModified":"2025-10-08T13:21:35+00:00","description":"D\u00e9couvrez les avantages d\u2019une paroi \u00e0 l'italienne fixe de douche sur mesure : design, luminosit\u00e9, confort et installation professionnelle.","breadcrumb":{"@id":"https:\/\/blog.carrelage-et-salle-de-bains.com\/index.php\/2025\/10\/08\/avantages-paroi-a-l-italienne-fixe-de-douche\/#breadcrumb"},"inLanguage":"fr-FR","potentialAction":[{"@type":"ReadAction","target":["https:\/\/blog.carrelage-et-salle-de-bains.com\/index.php\/2025\/10\/08\/avantages-paroi-a-l-italienne-fixe-de-douche\/"]}]},{"@type":"BreadcrumbList","@id":"https:\/\/blog.carrelage-et-salle-de-bains.com\/index.php\/2025\/10\/08\/avantages-paroi-a-l-italienne-fixe-de-douche\/#breadcrumb","itemListElement":[{"@type":"ListItem","position":1,"name":"Accueil","item":"https:\/\/blog.carrelage-et-salle-de-bains.com\/"},{"@type":"ListItem","position":2,"name":"Paroi \u00e0 l&rsquo;italienne fixe de douche sur mesure : la solution moderne et esth\u00e9tique pour votre salle de bain"}]},{"@type":"WebSite","@id":"https:\/\/blog.carrelage-et-salle-de-bains.com\/#website","url":"https:\/\/blog.carrelage-et-salle-de-bains.com\/","name":"Blog Carrelage et Salle de Bains","description":"","publisher":{"@id":"https:\/\/blog.carrelage-et-salle-de-bains.com\/#organization"},"alternateName":"Carrelage et Salle de Bains","potentialAction":[{"@type":"SearchAction","target":{"@type":"EntryPoint","urlTemplate":"https:\/\/blog.carrelage-et-salle-de-bains.com\/?s={search_term_string}"},"query-input":{"@type":"PropertyValueSpecification","valueRequired":true,"valueName":"search_term_string"}}],"inLanguage":"fr-FR"},{"@type":"Organization","@id":"https:\/\/blog.carrelage-et-salle-de-bains.com\/#organization","name":"Blog Carrelage et Salle de Bains","url":"https:\/\/blog.carrelage-et-salle-de-bains.com\/","logo":{"@type":"ImageObject","inLanguage":"fr-FR","@id":"https:\/\/blog.carrelage-et-salle-de-bains.com\/#\/schema\/logo\/image\/","url":"https:\/\/blog.carrelage-et-salle-de-bains.com\/wp-content\/uploads\/2025\/09\/Capture-decran-2025-09-30-a-18.34.29.png","contentUrl":"https:\/\/blog.carrelage-et-salle-de-bains.com\/wp-content\/uploads\/2025\/09\/Capture-decran-2025-09-30-a-18.34.29.png","width":924,"height":274,"caption":"Blog Carrelage et Salle de Bains"},"image":{"@id":"https:\/\/blog.carrelage-et-salle-de-bains.com\/#\/schema\/logo\/image\/"},"sameAs":["https:\/\/www.facebook.com\/share\/19vqGrpstz\/?mibextid=wwXIfr","https:\/\/www.youtube.com\/@carrelage-et-salle-de-bains","https:\/\/www.instagram.com\/carrelageetsalledebain?igsh=MWtocXVwdTRvd3RtaQ=="]},{"@type":"Person","@id":"https:\/\/blog.carrelage-et-salle-de-bains.com\/#\/schema\/person\/0c597b7a58979bc1a4228f21cbad7a61","name":"Camille","image":{"@type":"ImageObject","inLanguage":"fr-FR","@id":"https:\/\/blog.carrelage-et-salle-de-bains.com\/#\/schema\/person\/image\/","url":"https:\/\/secure.gravatar.com\/avatar\/6616e0439338e10eadb751e7c4187a1c15cbe783a45f05cc4fc546f879526173?s=96&d=mm&r=g","contentUrl":"https:\/\/secure.gravatar.com\/avatar\/6616e0439338e10eadb751e7c4187a1c15cbe783a45f05cc4fc546f879526173?s=96&d=mm&r=g","caption":"Camille"},"sameAs":["https:\/\/blog.carrelage-et-salle-de-bains.com"],"url":"https:\/\/blog.carrelage-et-salle-de-bains.com\/index.php\/author\/camilleadmincsdb\/"}]}},"_links":{"self":[{"href":"https:\/\/blog.carrelage-et-salle-de-bains.com\/index.php\/wp-json\/wp\/v2\/posts\/241","targetHints":{"allow":["GET"]}}],"collection":[{"href":"https:\/\/blog.carrelage-et-salle-de-bains.com\/index.php\/wp-json\/wp\/v2\/posts"}],"about":[{"href":"https:\/\/blog.carrelage-et-salle-de-bains.com\/index.php\/wp-json\/wp\/v2\/types\/post"}],"author":[{"embeddable":true,"href":"https:\/\/blog.carrelage-et-salle-de-bains.com\/index.php\/wp-json\/wp\/v2\/users\/1"}],"replies":[{"embeddable":true,"href":"https:\/\/blog.carrelage-et-salle-de-bains.com\/index.php\/wp-json\/wp\/v2\/comments?post=241"}],"version-history":[{"count":10,"href":"https:\/\/blog.carrelage-et-salle-de-bains.com\/index.php\/wp-json\/wp\/v2\/posts\/241\/revisions"}],"predecessor-version":[{"id":263,"href":"https:\/\/blog.carrelage-et-salle-de-bains.com\/index.php\/wp-json\/wp\/v2\/posts\/241\/revisions\/263"}],"wp:attachment":[{"href":"https:\/\/blog.carrelage-et-salle-de-bains.com\/index.php\/wp-json\/wp\/v2\/media?parent=241"}],"wp:term":[{"taxonomy":"category","embeddable":true,"href":"https:\/\/blog.carrelage-et-salle-de-bains.com\/index.php\/wp-json\/wp\/v2\/categories?post=241"},{"taxonomy":"post_tag","embeddable":true,"href":"https:\/\/blog.carrelage-et-salle-de-bains.com\/index.php\/wp-json\/wp\/v2\/tags?post=241"}],"curies":[{"name":"wp","href":"https:\/\/api.w.org\/{rel}","templated":true}]}}